{"id":382690,"date":"2016-03-21T16:16:32","date_gmt":"2016-03-21T22:16:32","guid":{"rendered":"http:\/\/www.futboltotal.com.mx\/?p=382690"},"modified":"2016-03-22T13:32:19","modified_gmt":"2016-03-22T19:32:19","slug":"damm-deseo-del-agente-de-gignac","status":"publish","type":"post","link":"http:\/\/desarrollo.grupomedios.com\/futbol\/destacado-home\/damm-deseo-del-agente-de-gignac\/2016\/03","title":{"rendered":"J\u00fcrgen Damm, deseo del agente de Gignac"},"content":{"rendered":"<p>Con 23 a\u00f1os, <strong>J\u00fcrgen Damm<\/strong> es un talento de exportaci\u00f3n. Representarlo implica tener una mina de oro. Y qued\u00f3 claro en el Apertura 2015, cuando su agente Eduardo Hern\u00e1ndez logr\u00f3 que <strong>Tigres<\/strong><em>\u00a0<\/em>pagar\u00e1 10 millones de d\u00f3lares por su pase y lo convirtiera en la contrataci\u00f3n m\u00e1s costosa de su historia.<\/p>\n<p>Hoy, cuando faltan seis jornadas para que concluya el Clausura 2016, su nombre es objeto de una puja que va m\u00e1s all\u00e1 de los clubes europeos que desean ficharlo. Y es que lo intentan representar varios agentes del mercado y\u00a0el \u00faltimo que lo ha puesto en el radar es Ronaldo Baroni, exfutbolista y agente del ariete franc\u00e9s Andr\u00e9 Pierre Gignac.<\/p>\n<p style=\"text-align: center;\"><span style=\"color: #3366ff;\"><strong><a style=\"color: #3366ff;\" href=\"http:\/\/www.futboltotal.com.mx\/futbol-mexicano\/\">LEER M\u00c1S: Todas las noticias de futbol mexicano<\/a><\/strong><\/span><\/p>\n<p>Seg\u00fan el reporte de <em>ESPN,<\/em>\u00a0Damm est\u00e1 pr\u00f3ximo a terminar su contrato laboral con Eduardo Hern\u00e1ndez y Baroni tendr\u00eda inter\u00e9s en representarlo con la firma intenci\u00f3n de buscarle acomodo \u00a0en un club europeo. Adem\u00e1s del peruano, tambi\u00e9n lo tienen en la mira Mario Ordiales, agente de Andr\u00e9s Guardado o Javier Aquino, e incluso Greg Taylor, que manejaba a Ra\u00fal Jim\u00e9nez\u00a0hasta antes de la irrupci\u00f3n de Jorge Mendes.<\/p>\n<p>Damm, quien de ser fichado no ocupar\u00eda plaza de extranjero al contar con pasaporte comunitario, por ahora no tiene una oferta formal en el extranjero. Al menos eso fue lo \u00faltimo que declar\u00f3 el presidente de Tigres, Alejandro Rodr\u00edguez, el pasado mes de febrero. Sin embargo, la misma fuente apunta que Andr\u00e9 Pierre Gignac, su compa\u00f1ero de equipo, lo ha recomendado en el<em> Viejo Continente<\/em>.<\/p>\n<p><strong>J\u00fcrgen Damm<\/strong> tiene contrato hasta 2018 con los <em>Felinos <\/em>y en el plano econ\u00f3mico\u00a0ha disparado su valor hasta los 4.5 millones de d\u00f3lares. Cambie o no de agente, lo que s\u00ed es una cuesti\u00f3n de tiempo es verlo lejos de la Liga MX probando suerte por Europa.<\/p>\n","protected":false},"excerpt":{"rendered":"<p>Hay puja por representar al delantero de 23 a\u00f1os, fichaje r\u00e9cord de Tigres <\/p>\n","protected":false},"author":20,"featured_media":382704,"comment_status":"closed","ping_status":"closed","sticky":false,"template":"","format":"standard","meta":[],"categories":[5,2198,3845,5950],"tags":[1916],"_links":{"self":[{"href":"http:\/\/desarrollo.grupomedios.com\/futbol\/wp-json\/wp\/v2\/posts\/382690"}],"collection":[{"href":"http:\/\/desarrollo.grupomedios.com\/futbol\/wp-json\/wp\/v2\/posts"}],"about":[{"href":"http:\/\/desarrollo.grupomedios.com\/futbol\/wp-json\/wp\/v2\/types\/post"}],"author":[{"embeddable":true,"href":"http:\/\/desarrollo.grupomedios.com\/futbol\/wp-json\/wp\/v2\/users\/20"}],"replies":[{"embeddable":true,"href":"http:\/\/desarrollo.grupomedios.com\/futbol\/wp-json\/wp\/v2\/comments?post=382690"}],"version-history":[{"count":0,"href":"http:\/\/desarrollo.grupomedios.com\/futbol\/wp-json\/wp\/v2\/posts\/382690\/revisions"}],"wp:featuredmedia":[{"embeddable":true,"href":"http:\/\/desarrollo.grupomedios.com\/futbol\/wp-json\/wp\/v2\/media\/382704"}],"wp:attachment":[{"href":"http:\/\/desarrollo.grupomedios.com\/futbol\/wp-json\/wp\/v2\/media?parent=382690"}],"wp:term":[{"taxonomy":"category","embeddable":true,"href":"http:\/\/desarrollo.grupomedios.com\/futbol\/wp-json\/wp\/v2\/categories?post=382690"},{"taxonomy":"post_tag","embeddable":true,"href":"http:\/\/desarrollo.grupomedios.com\/futbol\/wp-json\/wp\/v2\/tags?post=382690"}],"curies":[{"name":"wp","href":"https:\/\/api.w.org\/{rel}","templated":true}]}}