{"id":382792,"date":"2016-03-22T11:24:17","date_gmt":"2016-03-22T17:24:17","guid":{"rendered":"http:\/\/www.futboltotal.com.mx\/?p=382792"},"modified":"2016-03-22T11:24:17","modified_gmt":"2016-03-22T17:24:17","slug":"en-chivas-lanzan-encuesta-elegir-portero","status":"publish","type":"post","link":"http:\/\/desarrollo.grupomedios.com\/futbol\/destacado-home\/en-chivas-lanzan-encuesta-elegir-portero\/2016\/03","title":{"rendered":"En Chivas lanzan encuesta para elegir portero"},"content":{"rendered":"<p><strong>Chivas<\/strong> perder\u00e1 a su guardameta titular para la pr\u00f3xima temporada. La situaci\u00f3n de <strong>Rodolfo Cota<\/strong> antes de llegar al <em>Reba\u00f1o Sagrado<\/em> era clara: llegaba por un a\u00f1o sin opci\u00f3n a compra y pese a que en el principio su presencia en los encuentros solo se daba en la Copa MX, las malas actuaciones de Jos\u00e9 Antonio Rodr\u00edguez le abrieron la oportunidad para ser el portero titular del equipo.<\/p>\n<p>Pero el club tiene claro que su salida es inminente y por ello buscan a un nuevo portero para Chivas, aunque de una manera peculiar. <strong>Jos\u00e9 Luis Higuera<\/strong>, CEO de Omnilife, lanz\u00f3 una encuesta para que los aficionados voten por un portero de su agrado.<\/p>\n<p style=\"text-align: center;\"><strong><span style=\"color: #3366ff;\"><a style=\"color: #3366ff;\" href=\"http:\/\/www.futboltotal.com.mx\/2016\/03\/jose-luis-higuera-se-retracta-llegada-raul-jimenez-a-chivas\/\">LEER M\u00c1S: Ni Jim\u00e9nez ni ning\u00fan aguilucho llegar\u00e1n a Chivas<\/a><\/span><\/strong><\/p>\n<p>A trav\u00e9s de su cuenta de Twitter, <strong>Higuera<\/strong> coloc\u00f3 como opciones a <strong>Rodolfo Cota<\/strong>, Alfredo Talavera, Jes\u00fas Corona y Jonathan Orozco.<\/p>\n<p><a href=\"http:\/\/www.futboltotal.com.mx\/wp-content\/uploads\/2016\/03\/Tuit-Higuera.jpg\" rel=\"attachment wp-att-382795\"><img decoding=\"async\" loading=\"lazy\" class=\"alignnone size-full wp-image-382795\" src=\"http:\/\/www.futboltotal.com.mx\/wp-content\/uploads\/2016\/03\/Tuit-Higuera.jpg\" alt=\"Tuit Higuera\" srcset=\"http:\/\/desarrollo.grupomedios.com\/futbol\/wp-content\/uploads\/2016\/03\/Tuit-Higuera.jpg 579w, http:\/\/desarrollo.grupomedios.com\/futbol\/wp-content\/uploads\/2016\/03\/Tuit-Higuera-300x208.jpg 300w\" sizes=\"(max-width: 579px) 100vw, 579px\" \/><\/a><\/p>\n<p>Hasta esta ma\u00f1ana, Talavera es el m\u00e1s votado, seguido de Cota y Corona, en tercero. En su encuesta, Higuera aclar\u00f3 que, independientemente del resultado, ser\u00e1 el cuerpo t\u00e9cnico el que elegir\u00e1.<\/p>\n<p>La iniciativa de <strong>Higuera<\/strong> gener\u00f3 diversas reacciones, muchas en contra, pues en el equipo todav\u00eda est\u00e1 Jos\u00e9 Antonio Rodr\u00edguez, quien es canterano de muy buenas condiciones y que perdi\u00f3 el puesto por un error en un duelo que culin\u00f3 con victoria para Le\u00f3n (0-1).<\/p>\n<p>&#8220;To\u00f1o es un muy buen portero, que ya debe madurar&#8221;, mencion\u00f3 Higuera el lunes para TDN.<\/p>\n","protected":false},"excerpt":{"rendered":"<p>Rodolfo Cota no permanecer\u00e1 en la plantilla <\/p>\n","protected":false},"author":20,"featured_media":382797,"comment_status":"closed","ping_status":"closed","sticky":false,"template":"","format":"standard","meta":[],"categories":[5,2198,3845],"tags":[70,4934,6920],"_links":{"self":[{"href":"http:\/\/desarrollo.grupomedios.com\/futbol\/wp-json\/wp\/v2\/posts\/382792"}],"collection":[{"href":"http:\/\/desarrollo.grupomedios.com\/futbol\/wp-json\/wp\/v2\/posts"}],"about":[{"href":"http:\/\/desarrollo.grupomedios.com\/futbol\/wp-json\/wp\/v2\/types\/post"}],"author":[{"embeddable":true,"href":"http:\/\/desarrollo.grupomedios.com\/futbol\/wp-json\/wp\/v2\/users\/20"}],"replies":[{"embeddable":true,"href":"http:\/\/desarrollo.grupomedios.com\/futbol\/wp-json\/wp\/v2\/comments?post=382792"}],"version-history":[{"count":0,"href":"http:\/\/desarrollo.grupomedios.com\/futbol\/wp-json\/wp\/v2\/posts\/382792\/revisions"}],"wp:featuredmedia":[{"embeddable":true,"href":"http:\/\/desarrollo.grupomedios.com\/futbol\/wp-json\/wp\/v2\/media\/382797"}],"wp:attachment":[{"href":"http:\/\/desarrollo.grupomedios.com\/futbol\/wp-json\/wp\/v2\/media?parent=382792"}],"wp:term":[{"taxonomy":"category","embeddable":true,"href":"http:\/\/desarrollo.grupomedios.com\/futbol\/wp-json\/wp\/v2\/categories?post=382792"},{"taxonomy":"post_tag","embeddable":true,"href":"http:\/\/desarrollo.grupomedios.com\/futbol\/wp-json\/wp\/v2\/tags?post=382792"}],"curies":[{"name":"wp","href":"https:\/\/api.w.org\/{rel}","templated":true}]}}