{"id":382799,"date":"2016-03-22T11:55:43","date_gmt":"2016-03-22T17:55:43","guid":{"rendered":"http:\/\/www.futboltotal.com.mx\/?p=382799"},"modified":"2016-03-22T11:55:43","modified_gmt":"2016-03-22T17:55:43","slug":"show-thomas-muller-en-la-banca-bayern-munich","status":"publish","type":"post","link":"http:\/\/desarrollo.grupomedios.com\/futbol\/videos\/show-thomas-muller-en-la-banca-bayern-munich\/2016\/03","title":{"rendered":"El show de Thomas Muller en la banca de Bayern Munich"},"content":{"rendered":"<p>Es raro que <strong>Thomas Muller<\/strong> aparezca en la banca del <strong>Bayern Munich<\/strong> pero en lugar de molestarse por su rol en el duelo ante el Koln, el seleccionado alem\u00e1n disfrut\u00f3 e hizo show.<\/p>\n<p style=\"text-align: center;\"><strong><span style=\"color: #3366ff;\"><a style=\"color: #3366ff;\" href=\"http:\/\/www.futboltotal.com.mx\/2016\/03\/nino-espanol-desea-chicharito\/\">LEER M\u00c1S. El ni\u00f1o espa\u00f1ol que quiere ser como Chicharito<\/a><\/span><\/strong><\/p>\n<p>Hacer bromas fue su papel preponderante en la victoria sufrida del <strong>Bayern Munich<\/strong> pero no solo eso realiz\u00f3. Tambi\u00e9n reclam\u00f3 dio instrucciones, la hizo de utilero y hasta prest\u00f3 a Xabi Alonso un abrigo para que no sufriera un resfriado por las bajas temperaturas. \u00a1Todo un showman Thomas Muller!<\/p>\n<p><iframe loading=\"lazy\" src=\"https:\/\/www.youtube.com\/embed\/fw8-zNHEJu4\" frameborder=\"0\" allowfullscreen=\"allowfullscreen\"><\/iframe><\/p>\n","protected":false},"excerpt":{"rendered":"<p>El alem\u00e1n se mostr\u00f3 muy entusiasmado en su raro rol <\/p>\n","protected":false},"author":20,"featured_media":382801,"comment_status":"closed","ping_status":"closed","sticky":false,"template":"","format":"standard","meta":[],"categories":[3839,6822,4],"tags":[2056,119,5792],"_links":{"self":[{"href":"http:\/\/desarrollo.grupomedios.com\/futbol\/wp-json\/wp\/v2\/posts\/382799"}],"collection":[{"href":"http:\/\/desarrollo.grupomedios.com\/futbol\/wp-json\/wp\/v2\/posts"}],"about":[{"href":"http:\/\/desarrollo.grupomedios.com\/futbol\/wp-json\/wp\/v2\/types\/post"}],"author":[{"embeddable":true,"href":"http:\/\/desarrollo.grupomedios.com\/futbol\/wp-json\/wp\/v2\/users\/20"}],"replies":[{"embeddable":true,"href":"http:\/\/desarrollo.grupomedios.com\/futbol\/wp-json\/wp\/v2\/comments?post=382799"}],"version-history":[{"count":0,"href":"http:\/\/desarrollo.grupomedios.com\/futbol\/wp-json\/wp\/v2\/posts\/382799\/revisions"}],"wp:featuredmedia":[{"embeddable":true,"href":"http:\/\/desarrollo.grupomedios.com\/futbol\/wp-json\/wp\/v2\/media\/382801"}],"wp:attachment":[{"href":"http:\/\/desarrollo.grupomedios.com\/futbol\/wp-json\/wp\/v2\/media?parent=382799"}],"wp:term":[{"taxonomy":"category","embeddable":true,"href":"http:\/\/desarrollo.grupomedios.com\/futbol\/wp-json\/wp\/v2\/categories?post=382799"},{"taxonomy":"post_tag","embeddable":true,"href":"http:\/\/desarrollo.grupomedios.com\/futbol\/wp-json\/wp\/v2\/tags?post=382799"}],"curies":[{"name":"wp","href":"https:\/\/api.w.org\/{rel}","templated":true}]}}