{"id":382805,"date":"2016-03-22T12:34:34","date_gmt":"2016-03-22T18:34:34","guid":{"rendered":"http:\/\/www.futboltotal.com.mx\/?p=382805"},"modified":"2016-03-23T09:08:28","modified_gmt":"2016-03-23T15:08:28","slug":"carlos-vela-explicara-acto-indisciplina","status":"publish","type":"post","link":"http:\/\/desarrollo.grupomedios.com\/futbol\/futbol-internacional\/carlos-vela-explicara-acto-indisciplina\/2016\/03","title":{"rendered":"Carlos Vela explicar\u00e1 acto de indisciplina"},"content":{"rendered":"<p>El delantero mexicano <strong>Carlos Vela<\/strong> dar\u00e1 una rueda de prensa este mi\u00e9rcoles para aclarar los actos de indisciplina que cometi\u00f3 el pasado 7 de marzo, cuando falt\u00f3 a los entrenamientos de la<strong> Real Sociedad<\/strong> un d\u00eda despu\u00e9s de haber acudido a un concierto en Madrid, Espa\u00f1a.<\/p>\n<p>Tras ser apartado un par de d\u00edas del primer equipo y recibir una sanci\u00f3n econ\u00f3mica por romper el reglamento interno del club, <strong>Vela Garrido<\/strong> se neg\u00f3 a comparecer ante los medios la semana anterior. Sin embargo est\u00e1 vez tendr\u00e1 que hacerlo luego de acordar con la directiva del club, aclarar el incidente y pedir disculpas p\u00fablicas a sus compa\u00f1eros y la afici\u00f3n.<\/p>\n<p style=\"text-align: center;\"><span style=\"color: #3366ff;\"><strong><a style=\"color: #3366ff;\" href=\"http:\/\/www.futboltotal.com.mx\/futbol-internacional\/mexicanos-en-europa\/\">LEER M\u00c1S: Todas las noticias de Mexicanos en Europa<\/a><\/strong><\/span><\/p>\n<p><strong>Vela<\/strong> aprovechar\u00e1 que no fue convocado a la Selecci\u00f3n Mexicana, por petici\u00f3n expresa del entrenador del equipo, Eusebio Sacrist\u00e1n, para dar una rueda de prensa -la primera en lo que va del a\u00f1o- tras el entrenamiento en Zubieta. Previamente el mexicano hab\u00eda\u00a0 externado al interior del club su arrepentimiento, seg\u00fan explic\u00f3 el capit\u00e1n Xabi Prieto.<\/p>\n<p>Despu\u00e9s del incidente, Carlos Vela no ha dejado de recibir cr\u00edticas por parte de los aficionados del club, las m\u00e1s duras fueron en la Jornada 30 en la derrota (1-0) ante Las Palmas, cuando con abucheos y silbidos reprobaron la estad\u00eda del delantero mexicano en la cancha.<\/p>\n<p>&nbsp;<\/p>\n","protected":false},"excerpt":{"rendered":"<p>El mexicano dara una rueda de prensa este mi\u00e9rcoles tras la pr\u00e1ctica en Zubieta<\/p>\n","protected":false},"author":20,"featured_media":382812,"comment_status":"closed","ping_status":"closed","sticky":false,"template":"","format":"standard","meta":[],"categories":[3839,6718],"tags":[6048,4545,102],"_links":{"self":[{"href":"http:\/\/desarrollo.grupomedios.com\/futbol\/wp-json\/wp\/v2\/posts\/382805"}],"collection":[{"href":"http:\/\/desarrollo.grupomedios.com\/futbol\/wp-json\/wp\/v2\/posts"}],"about":[{"href":"http:\/\/desarrollo.grupomedios.com\/futbol\/wp-json\/wp\/v2\/types\/post"}],"author":[{"embeddable":true,"href":"http:\/\/desarrollo.grupomedios.com\/futbol\/wp-json\/wp\/v2\/users\/20"}],"replies":[{"embeddable":true,"href":"http:\/\/desarrollo.grupomedios.com\/futbol\/wp-json\/wp\/v2\/comments?post=382805"}],"version-history":[{"count":0,"href":"http:\/\/desarrollo.grupomedios.com\/futbol\/wp-json\/wp\/v2\/posts\/382805\/revisions"}],"wp:featuredmedia":[{"embeddable":true,"href":"http:\/\/desarrollo.grupomedios.com\/futbol\/wp-json\/wp\/v2\/media\/382812"}],"wp:attachment":[{"href":"http:\/\/desarrollo.grupomedios.com\/futbol\/wp-json\/wp\/v2\/media?parent=382805"}],"wp:term":[{"taxonomy":"category","embeddable":true,"href":"http:\/\/desarrollo.grupomedios.com\/futbol\/wp-json\/wp\/v2\/categories?post=382805"},{"taxonomy":"post_tag","embeddable":true,"href":"http:\/\/desarrollo.grupomedios.com\/futbol\/wp-json\/wp\/v2\/tags?post=382805"}],"curies":[{"name":"wp","href":"https:\/\/api.w.org\/{rel}","templated":true}]}}