{"id":382857,"date":"2016-03-22T15:27:47","date_gmt":"2016-03-22T21:27:47","guid":{"rendered":"http:\/\/www.futboltotal.com.mx\/?p=382857"},"modified":"2016-03-22T15:55:20","modified_gmt":"2016-03-22T21:55:20","slug":"futbolista-belga-sobrevivio-a-tres-ataques-en-dos-semanas","status":"publish","type":"post","link":"http:\/\/desarrollo.grupomedios.com\/futbol\/futbol-internacional\/futbolista-belga-sobrevivio-a-tres-ataques-en-dos-semanas\/2016\/03","title":{"rendered":"Futbolista belga libr\u00f3 tres ataques en dos semanas"},"content":{"rendered":"<p>Este martes ha sido tr\u00e1gico para B\u00e9lgica. En el metro de Bruselas y tambi\u00e9n en el aeropuerto, integrantes de ISIS perpetuaron ataques terroristas en los que hasta el momento hay 30 muertos reportados y la cifra podr\u00eda ir en ascenso.<\/p>\n<p>Varios deportistas de diversas disciplinas\u00a0estuvieron en el aeropuerto al momento del ataque pero uno en especial tiene mucha suerte: <strong>Jason Denayer<\/strong>. El <strong>futbolista belga<\/strong> del Galatasaray, cedido por el Manchester City, ha sobrevivido a tres ataques en solo dos semanas. En primera instancia se salv\u00f3 en Ankara de un\u00a0atentado que sufri\u00f3 la capital turca y que se cobr\u00f3 la vida de m\u00e1s de 30 personas.<\/p>\n<p style=\"text-align: center;\"><span style=\"color: #3366ff;\"><strong><a style=\"color: #3366ff;\" href=\"http:\/\/www.futboltotal.com.mx\/2016\/03\/en-francia-se-desata-la-locura-gignac\/\">LEER M\u00c1S: En Francia se desata la locura por Gignac<\/a><\/strong><\/span><\/p>\n<p style=\"text-align: left;\">La semana pasada, ya de vuelta en Estambul, <strong>Denayer<\/strong> tambi\u00e9n vivi\u00f3 de cerca el atentado que sufri\u00f3 la ciudad turca en el que un kamikaze acab\u00f3 con la vida de 5 personas y dej\u00f3 36 heridos. Desafortunadamente para el futbolista belga otra vez fue testigo de estos reprochables actos.<\/p>\n<p><strong>Jason Denayer<\/strong>\u00a0no ha sido el \u00fanico futbolista que se ha visto involucrado en los atentados de Bruselas. Jugadores como el delantero del Villarreal, Bakamb\u00fa o el jugador del Norwich, Mbokani tambi\u00e9n han vivido de cerca los atentados de esta ma\u00f1ana.<\/p>\n<p>&nbsp;<\/p>\n","protected":false},"excerpt":{"rendered":"<p>Jason Denayer ha salido ileso de los incidentes terroristas <\/p>\n","protected":false},"author":20,"featured_media":382859,"comment_status":"closed","ping_status":"closed","sticky":false,"template":"","format":"standard","meta":[],"categories":[3839,5951],"tags":[599,6922,6921],"_links":{"self":[{"href":"http:\/\/desarrollo.grupomedios.com\/futbol\/wp-json\/wp\/v2\/posts\/382857"}],"collection":[{"href":"http:\/\/desarrollo.grupomedios.com\/futbol\/wp-json\/wp\/v2\/posts"}],"about":[{"href":"http:\/\/desarrollo.grupomedios.com\/futbol\/wp-json\/wp\/v2\/types\/post"}],"author":[{"embeddable":true,"href":"http:\/\/desarrollo.grupomedios.com\/futbol\/wp-json\/wp\/v2\/users\/20"}],"replies":[{"embeddable":true,"href":"http:\/\/desarrollo.grupomedios.com\/futbol\/wp-json\/wp\/v2\/comments?post=382857"}],"version-history":[{"count":0,"href":"http:\/\/desarrollo.grupomedios.com\/futbol\/wp-json\/wp\/v2\/posts\/382857\/revisions"}],"wp:featuredmedia":[{"embeddable":true,"href":"http:\/\/desarrollo.grupomedios.com\/futbol\/wp-json\/wp\/v2\/media\/382859"}],"wp:attachment":[{"href":"http:\/\/desarrollo.grupomedios.com\/futbol\/wp-json\/wp\/v2\/media?parent=382857"}],"wp:term":[{"taxonomy":"category","embeddable":true,"href":"http:\/\/desarrollo.grupomedios.com\/futbol\/wp-json\/wp\/v2\/categories?post=382857"},{"taxonomy":"post_tag","embeddable":true,"href":"http:\/\/desarrollo.grupomedios.com\/futbol\/wp-json\/wp\/v2\/tags?post=382857"}],"curies":[{"name":"wp","href":"https:\/\/api.w.org\/{rel}","templated":true}]}}