{"id":382861,"date":"2016-03-22T15:26:32","date_gmt":"2016-03-22T21:26:32","guid":{"rendered":"http:\/\/www.futboltotal.com.mx\/?p=382861"},"modified":"2016-03-22T15:26:32","modified_gmt":"2016-03-22T21:26:32","slug":"suspenden-belgica-vs-portugal-atentados","status":"publish","type":"post","link":"http:\/\/desarrollo.grupomedios.com\/futbol\/futbol-internacional\/suspenden-belgica-vs-portugal-atentados\/2016\/03","title":{"rendered":"Suspenden el B\u00e9lgica vs. Portugal por atentados"},"content":{"rendered":"<p>Nuevamente Europa est\u00e1 de luto, porque los<strong> atentados terroristas<\/strong> se dieron este martes en la ciudad de Bruselas, donde hubo 34 muertos y 136 heridos, situaci\u00f3n que tambi\u00e9n afect\u00f3 a futbol pues suspendieron el partido amistoso entre <strong>B\u00e9lgica<\/strong> y <strong>Portugal<\/strong>.<\/p>\n<p>La Federaci\u00f3n belga de futbol inform\u00f3 que los entrenamientos del equipo no se realizaron por motivos de seguridad y posteriormente el diario catal\u00e1n <em>Sport<\/em>, se\u00f1al\u00f3 que el encuentro se termin\u00f3 por cancelar.<\/p>\n<p style=\"text-align: center;\"><span style=\"color: #3366ff;\"><strong><a style=\"color: #3366ff;\" href=\"http:\/\/www.futboltotal.com.mx\/2016\/03\/cracks-se-expresan-tras-atentando-en-belgica\/\" target=\"_blank\">LEER M\u00c1S: Cracks lamentan atentados en B\u00e9lgica<\/a><\/strong><\/span><\/p>\n<p>El juego estaba programado para el pr\u00f3ximo martes 29 de marzo en el King Baudouin Stadium, pero con la violencia que se vivi\u00f3 en dicha naci\u00f3n el cotejo no se podr\u00e1 realizar.<\/p>\n","protected":false},"excerpt":{"rendered":"<p>La violencia vuelve a azotar a Europa<\/p>\n","protected":false},"author":20,"featured_media":382862,"comment_status":"closed","ping_status":"closed","sticky":false,"template":"","format":"standard","meta":[],"categories":[3839],"tags":[599,5807],"_links":{"self":[{"href":"http:\/\/desarrollo.grupomedios.com\/futbol\/wp-json\/wp\/v2\/posts\/382861"}],"collection":[{"href":"http:\/\/desarrollo.grupomedios.com\/futbol\/wp-json\/wp\/v2\/posts"}],"about":[{"href":"http:\/\/desarrollo.grupomedios.com\/futbol\/wp-json\/wp\/v2\/types\/post"}],"author":[{"embeddable":true,"href":"http:\/\/desarrollo.grupomedios.com\/futbol\/wp-json\/wp\/v2\/users\/20"}],"replies":[{"embeddable":true,"href":"http:\/\/desarrollo.grupomedios.com\/futbol\/wp-json\/wp\/v2\/comments?post=382861"}],"version-history":[{"count":0,"href":"http:\/\/desarrollo.grupomedios.com\/futbol\/wp-json\/wp\/v2\/posts\/382861\/revisions"}],"wp:featuredmedia":[{"embeddable":true,"href":"http:\/\/desarrollo.grupomedios.com\/futbol\/wp-json\/wp\/v2\/media\/382862"}],"wp:attachment":[{"href":"http:\/\/desarrollo.grupomedios.com\/futbol\/wp-json\/wp\/v2\/media?parent=382861"}],"wp:term":[{"taxonomy":"category","embeddable":true,"href":"http:\/\/desarrollo.grupomedios.com\/futbol\/wp-json\/wp\/v2\/categories?post=382861"},{"taxonomy":"post_tag","embeddable":true,"href":"http:\/\/desarrollo.grupomedios.com\/futbol\/wp-json\/wp\/v2\/tags?post=382861"}],"curies":[{"name":"wp","href":"https:\/\/api.w.org\/{rel}","templated":true}]}}