{"id":382873,"date":"2016-03-22T16:54:24","date_gmt":"2016-03-22T22:54:24","guid":{"rendered":"http:\/\/www.futboltotal.com.mx\/?p=382873"},"modified":"2016-03-22T16:54:24","modified_gmt":"2016-03-22T22:54:24","slug":"cuando-la-violencia-opaca-al-futbol","status":"publish","type":"post","link":"http:\/\/desarrollo.grupomedios.com\/futbol\/futbol-internacional\/cuando-la-violencia-opaca-al-futbol\/2016\/03","title":{"rendered":"Cuando la violencia opaca al futbol"},"content":{"rendered":"<p>El mundo est\u00e1 de luto, porque nuevamente el <strong>terrorismo<\/strong> provoc\u00f3 el derramamiento de sangre con <a href=\"http:\/\/www.futboltotal.com.mx\/2016\/03\/suspenden-belgica-vs-portugal-atentados\/\" target=\"_blank\">un atentado en <strong>B\u00e9lgica<\/strong><\/a> donde hubo 34 muertos y 136 heridos, como era de esperarse el partido entre la selecci\u00f3n de aquel pa\u00eds<em>\u00a0<\/em>y Portugal se suspendi\u00f3. Por desgracia, esta no es la primera vez que la violencia afecta al deporte, por ello recapitulamos casos oscuros en la historia.<\/p>\n<p><span style=\"color: #ff0000;\">Paris<\/span> | Apenas en noviembre de 2015, explosivos detonaron en Par\u00eds, mientras se disputaba el amistoso de Francia contra Alemania, si bien dicho cotejo se desarroll\u00f3 con normalidad (porque en el momento se ignoraban los hechos), momentos despu\u00e9s nadie record\u00f3 el futbol y todo fueron l\u00e1grimas.<\/p>\n<p><span style=\"color: #ff0000;\">El Drone<\/span> | En octubre de 2014, durante las eliminatorias de la Eurocopa en el cotejo entre Serbia y Albania, aquel terreno que era hostil por el pasado entre las naciones, se agrav\u00f3 cuando un drone ingres\u00f3 a la cancha con una bandera Kososvo y desat\u00f3 la furia de la afici\u00f3n local.<\/p>\n<p><iframe loading=\"lazy\" src=\"https:\/\/www.youtube.com\/embed\/B25eCeBjZ9I\" frameborder=\"0\" allowfullscreen=\"allowfullscreen\"><\/iframe><\/p>\n<p><span style=\"color: #ff0000;\">Ni tiempo para empezar<\/span> | Las bengalas son un problema a nivel mundial, pues la Liga de Chipre tambi\u00e9n se vio afectado en el juego entre AEL Limassol y APOEL Nicosia que se suspendi\u00f3 30 minutos antes de arrancar las acciones por la presencia de dichos objetos en la cancha.<\/p>\n<p><span style=\"color: #ff0000;\">Hel\u00e9nicos guerreros<\/span> | La Liga griega tiene a unos de los aficionados m\u00e1s agresivos del mundo, pues la violencia dentro y fuera de los estadios es com\u00fan, a tal grado que la federaci\u00f3n determin\u00f3 realizar los partidos a puerta cerrada. El castig\u00f3 no sirvi\u00f3 y a principios de marzo durante la Copa de Grecia el cotejo entre PAOK y Olympiacos se interrumpi\u00f3 por invasi\u00f3n del p\u00fablico.<\/p>\n<p><iframe loading=\"lazy\" src=\"https:\/\/www.youtube.com\/embed\/9WgLsrTL5xc\" frameborder=\"0\" allowfullscreen=\"allowfullscreen\"><\/iframe><br \/>\n<span style=\"color: #ff0000;\">Afectan a la Champions<\/span> | En 2014, el CSKA Mosc\u00fa se gan\u00f3 la sanci\u00f3n de tres partidos a puerta cerrada, porque sus aficionados portaron diversas bengalas que impidi\u00f3 el desarrollo del juego por el intenso humo.<\/p>\n<p><span style=\"color: #ff0000;\">Malos perdedores<\/span>\u00a0| 2015 fue un a\u00f1o violento, porque en febrero\u00a0la Bundesliga fue v\u00edctima de actos violentos, esto tras acabar el partido entre Borussia Monchengladbach y Colonia, cuando cierto sector del p\u00fablico invadi\u00f3 la cancha para agredir a los jugadores.<\/p>\n","protected":false},"excerpt":{"rendered":"<p>La violencia nuevamente acab\u00f3 con la fiesta <\/p>\n","protected":false},"author":20,"featured_media":382874,"comment_status":"closed","ping_status":"closed","sticky":false,"template":"","format":"standard","meta":[],"categories":[5419,3839,5951],"tags":[599,5807],"_links":{"self":[{"href":"http:\/\/desarrollo.grupomedios.com\/futbol\/wp-json\/wp\/v2\/posts\/382873"}],"collection":[{"href":"http:\/\/desarrollo.grupomedios.com\/futbol\/wp-json\/wp\/v2\/posts"}],"about":[{"href":"http:\/\/desarrollo.grupomedios.com\/futbol\/wp-json\/wp\/v2\/types\/post"}],"author":[{"embeddable":true,"href":"http:\/\/desarrollo.grupomedios.com\/futbol\/wp-json\/wp\/v2\/users\/20"}],"replies":[{"embeddable":true,"href":"http:\/\/desarrollo.grupomedios.com\/futbol\/wp-json\/wp\/v2\/comments?post=382873"}],"version-history":[{"count":0,"href":"http:\/\/desarrollo.grupomedios.com\/futbol\/wp-json\/wp\/v2\/posts\/382873\/revisions"}],"wp:featuredmedia":[{"embeddable":true,"href":"http:\/\/desarrollo.grupomedios.com\/futbol\/wp-json\/wp\/v2\/media\/382874"}],"wp:attachment":[{"href":"http:\/\/desarrollo.grupomedios.com\/futbol\/wp-json\/wp\/v2\/media?parent=382873"}],"wp:term":[{"taxonomy":"category","embeddable":true,"href":"http:\/\/desarrollo.grupomedios.com\/futbol\/wp-json\/wp\/v2\/categories?post=382873"},{"taxonomy":"post_tag","embeddable":true,"href":"http:\/\/desarrollo.grupomedios.com\/futbol\/wp-json\/wp\/v2\/tags?post=382873"}],"curies":[{"name":"wp","href":"https:\/\/api.w.org\/{rel}","templated":true}]}}