{"id":382972,"date":"2016-03-23T09:31:14","date_gmt":"2016-03-23T15:31:14","guid":{"rendered":"http:\/\/www.futboltotal.com.mx\/?p=382972"},"modified":"2016-03-23T09:31:14","modified_gmt":"2016-03-23T15:31:14","slug":"terrorismo-impedira-se-juegue","status":"publish","type":"post","link":"http:\/\/desarrollo.grupomedios.com\/futbol\/destacado-home\/terrorismo-impedira-se-juegue\/2016\/03","title":{"rendered":"Terrorismo no impedir\u00e1 Eurocopa 2016"},"content":{"rendered":"<p>Un d\u00eda despu\u00e9s de los actos terroristas ocurridos en Bruselas, que dejaron un saldo de 34 muertos y m\u00e1s de 250 heridos, el primer ministro franc\u00e9s, <strong>Manuel Valls<\/strong>, asever\u00f3 que <strong>Francia<\/strong> celebrar\u00e1 la Eurocopa 2016 as\u00ed como el Tour ciclista.<\/p>\n<p>&#8220;El Euro de futbol y el Tour de Francia y otros grandes acontecimientos se celebrar\u00e1n\u201d, declar\u00f3 este mi\u00e9rcoles el jefe de gobierno galo en una entrevista con una radiodifusora local.<\/p>\n<p><strong>Manuel Valls<\/strong> subray\u00f3 que \u201clos grandes eventos populares son indispensables\u201d y que el clima de amenaza terrorista que pesa sobre el pa\u00eds, atacado en dos ocasiones el a\u00f1o anterior, no impedir\u00e1 que se celebren.<\/p>\n<p style=\"text-align: center;\"><span style=\"color: #3366ff;\"><strong><a style=\"color: #3366ff;\" href=\"http:\/\/www.futboltotal.com.mx\/futbol-internacional\/\">LEER M\u00c1S: Todas las noticias de futbol internacional<\/a><\/strong><\/span><\/p>\n<p>La <strong>Eurocopa<\/strong> de futbol tendr\u00e1 lugar entre el 10 de junio y el 10 de julio en Francia, mientras que el Tour de Francia se celebrar\u00e1 entre el 2 y el 24 de julio.<\/p>\n<p>Francia est\u00e1 desde el pasado 13 de noviembre en estado de emergencia, luego de los atentados yihadistas ocurridos en esa fecha en Par\u00eds que se saldaron con 130 muertos y alrededor de 350 heridos.<\/p>\n<p>El presidente de la Federaci\u00f3n Francesa de Futbol (FFF), Noel Le Graet, confirm\u00f3 la v\u00edspera tambi\u00e9n que \u201cla Eurocopa se mantiene\u201d y se celebrar\u00e1 seg\u00fan lo previsto.<\/p>\n<p>Francia ha dise\u00f1ado un f\u00e9rreo dispositivo de seguridad para el torneo, reforzado por la amenaza terrorista<\/p>\n","protected":false},"excerpt":{"rendered":"<p>El gobierno franc\u00e9s no frenar\u00e1 los preparativos de la justa veraniega<\/p>\n","protected":false},"author":20,"featured_media":382976,"comment_status":"closed","ping_status":"closed","sticky":false,"template":"","format":"standard","meta":[],"categories":[5,3839],"tags":[6152,2749,5807],"_links":{"self":[{"href":"http:\/\/desarrollo.grupomedios.com\/futbol\/wp-json\/wp\/v2\/posts\/382972"}],"collection":[{"href":"http:\/\/desarrollo.grupomedios.com\/futbol\/wp-json\/wp\/v2\/posts"}],"about":[{"href":"http:\/\/desarrollo.grupomedios.com\/futbol\/wp-json\/wp\/v2\/types\/post"}],"author":[{"embeddable":true,"href":"http:\/\/desarrollo.grupomedios.com\/futbol\/wp-json\/wp\/v2\/users\/20"}],"replies":[{"embeddable":true,"href":"http:\/\/desarrollo.grupomedios.com\/futbol\/wp-json\/wp\/v2\/comments?post=382972"}],"version-history":[{"count":0,"href":"http:\/\/desarrollo.grupomedios.com\/futbol\/wp-json\/wp\/v2\/posts\/382972\/revisions"}],"wp:featuredmedia":[{"embeddable":true,"href":"http:\/\/desarrollo.grupomedios.com\/futbol\/wp-json\/wp\/v2\/media\/382976"}],"wp:attachment":[{"href":"http:\/\/desarrollo.grupomedios.com\/futbol\/wp-json\/wp\/v2\/media?parent=382972"}],"wp:term":[{"taxonomy":"category","embeddable":true,"href":"http:\/\/desarrollo.grupomedios.com\/futbol\/wp-json\/wp\/v2\/categories?post=382972"},{"taxonomy":"post_tag","embeddable":true,"href":"http:\/\/desarrollo.grupomedios.com\/futbol\/wp-json\/wp\/v2\/tags?post=382972"}],"curies":[{"name":"wp","href":"https:\/\/api.w.org\/{rel}","templated":true}]}}