{"id":382981,"date":"2016-03-23T10:09:53","date_gmt":"2016-03-23T16:09:53","guid":{"rendered":"http:\/\/www.futboltotal.com.mx\/?p=382981"},"modified":"2016-03-23T10:09:53","modified_gmt":"2016-03-23T16:09:53","slug":"futbolista-ingles-al-zlatan-ibrahimovic-arruino-carrera","status":"publish","type":"post","link":"http:\/\/desarrollo.grupomedios.com\/futbol\/futbol-internacional\/futbolista-ingles-al-zlatan-ibrahimovic-arruino-carrera\/2016\/03","title":{"rendered":"El futbolista ingl\u00e9s al que Zlatan arruin\u00f3 su carrera"},"content":{"rendered":"<p><strong>Zlatan Ibrahimovic<\/strong> es un futbolista de clase mundial, eso queda claro. El sueco es uno de los mejores delanteros de la actualidad y la noche del 14 de noviembre de 2012 ser\u00e1 inolvidable para \u00e9l. El crack sueco dio un recital de movimientos y definiciones que le sirvi\u00f3 para marcar cuatro goles ante el equipo ingl\u00e9s en la inauguraci\u00f3n del <em>Friends Arena<\/em>. A la postre, la fant\u00e1stica actuaci\u00f3n fue vital para vencer a Inglaterra (4-2) y dejar en claro la magia del espigado atacante sobre todo por su est\u00e9tica chilena a m\u00e1s de 30 metros de la porter\u00eda.<\/p>\n<p><iframe loading=\"lazy\" src=\"https:\/\/www.youtube.com\/embed\/Ea3Hcd6EpCE\" frameborder=\"0\" allowfullscreen=\"allowfullscreen\"><\/iframe><\/p>\n<p style=\"text-align: center;\"><span style=\"color: #3366ff;\"><strong><a style=\"color: #3366ff;\" href=\"http:\/\/\">LEER M\u00c1S: El ni\u00f1o que desea ser como Chicharito<\/a><\/strong><\/span><\/p>\n<p>Inolvidable no solo es para <em>Ibra<\/em>\u00a0aquel partido, tambi\u00e9n para <strong>Ryan Shawcross<\/strong>, el <strong>futbolista ingl\u00e9s al que Zlatan arruin\u00f3 su carrera<\/strong> como internacional por Inglaterra.<\/p>\n<p>En recientes declaraciones al diario <em>Telegraph<\/em> el fort\u00edsimo defensor lamenta haber realizado su debut el d\u00eda en que el capit\u00e1n sueco m\u00e1s brill\u00f3 con su selecci\u00f3n. &#8220;Yo soy el blanco de burlas en mi familia, solo porque los 10 minutos que tuve en el futbol internacional fueron destruidos por un solo hombre&#8221;, relata el futbolista del Stoke City. Y agreg\u00f3: &#8220;Ellos constantemente est\u00e1n diciendo que <strong>Zlatan<\/strong> arruinado mi carrera! Yo ten\u00eda una oportunidad y no creo que muchos otros defensores lo han detenido.<\/p>\n<p><a href=\"http:\/\/www.futboltotal.com.mx\/wp-content\/uploads\/2016\/03\/Shawcross_3214855.jpg\" rel=\"attachment wp-att-382992\"><img decoding=\"async\" loading=\"lazy\" class=\"alignnone size-full wp-image-382992\" src=\"http:\/\/www.futboltotal.com.mx\/wp-content\/uploads\/2016\/03\/Shawcross_3214855.jpg\" alt=\"Shawcross_3214855\" srcset=\"http:\/\/desarrollo.grupomedios.com\/futbol\/wp-content\/uploads\/2016\/03\/Shawcross_3214855.jpg 768w, http:\/\/desarrollo.grupomedios.com\/futbol\/wp-content\/uploads\/2016\/03\/Shawcross_3214855-300x169.jpg 300w, http:\/\/desarrollo.grupomedios.com\/futbol\/wp-content\/uploads\/2016\/03\/Shawcross_3214855-580x325.jpg 580w\" sizes=\"(max-width: 768px) 100vw, 768px\" \/><\/a><\/p>\n<p><strong>Shawcross<\/strong> fue parte de un equipo experimental que Roy Hodgson dise\u00f1\u00f3 para acometer el amistoso ante Suecia. El defensor ingres\u00f3 a falta de 16 minutos para el final del partido. Inglaterra ten\u00eda una ventaja en el tanteador (1-2) que fue borrada en un santiam\u00e9n por un Zlatan asombroso.<\/p>\n<p>&#8220;Me dieron 10 minutos para mostrar lo que pod\u00eda hacer y probablemente no tuve un buen rendimiento. Estaba en contra de uno de los mejores delanteros del mundo y que se encontraba en una buena racha en ese momento y estas cosas suceden.&#8221;<\/p>\n","protected":false},"excerpt":{"rendered":"<p>A\u00f1os atr\u00e1s fue convocado a selecci\u00f3n pero Ibra evit\u00f3 su evoluci\u00f3n<\/p>\n","protected":false},"author":20,"featured_media":382988,"comment_status":"closed","ping_status":"closed","sticky":false,"template":"","format":"standard","meta":[],"categories":[3839,3846,5951],"tags":[603,6923,849,6059],"_links":{"self":[{"href":"http:\/\/desarrollo.grupomedios.com\/futbol\/wp-json\/wp\/v2\/posts\/382981"}],"collection":[{"href":"http:\/\/desarrollo.grupomedios.com\/futbol\/wp-json\/wp\/v2\/posts"}],"about":[{"href":"http:\/\/desarrollo.grupomedios.com\/futbol\/wp-json\/wp\/v2\/types\/post"}],"author":[{"embeddable":true,"href":"http:\/\/desarrollo.grupomedios.com\/futbol\/wp-json\/wp\/v2\/users\/20"}],"replies":[{"embeddable":true,"href":"http:\/\/desarrollo.grupomedios.com\/futbol\/wp-json\/wp\/v2\/comments?post=382981"}],"version-history":[{"count":0,"href":"http:\/\/desarrollo.grupomedios.com\/futbol\/wp-json\/wp\/v2\/posts\/382981\/revisions"}],"wp:featuredmedia":[{"embeddable":true,"href":"http:\/\/desarrollo.grupomedios.com\/futbol\/wp-json\/wp\/v2\/media\/382988"}],"wp:attachment":[{"href":"http:\/\/desarrollo.grupomedios.com\/futbol\/wp-json\/wp\/v2\/media?parent=382981"}],"wp:term":[{"taxonomy":"category","embeddable":true,"href":"http:\/\/desarrollo.grupomedios.com\/futbol\/wp-json\/wp\/v2\/categories?post=382981"},{"taxonomy":"post_tag","embeddable":true,"href":"http:\/\/desarrollo.grupomedios.com\/futbol\/wp-json\/wp\/v2\/tags?post=382981"}],"curies":[{"name":"wp","href":"https:\/\/api.w.org\/{rel}","templated":true}]}}