{"id":382996,"date":"2016-03-23T10:31:44","date_gmt":"2016-03-23T16:31:44","guid":{"rendered":"http:\/\/www.futboltotal.com.mx\/?p=382996"},"modified":"2016-03-23T10:49:18","modified_gmt":"2016-03-23T16:49:18","slug":"bastian-schweinsteiger-podria-perderse-eurocopa-alemania","status":"publish","type":"post","link":"http:\/\/desarrollo.grupomedios.com\/futbol\/futbol-internacional\/bastian-schweinsteiger-podria-perderse-eurocopa-alemania\/2016\/03","title":{"rendered":"Schweinsteiger podr\u00eda perderse Eurocopa"},"content":{"rendered":"<p>Los pocos minutos que <strong>Bastian Schweinsteiger<\/strong> ha acumulado en su etapa con el Manchester United no eran impedimento para sus constantes minutos con la selecci\u00f3n de <strong>Alemania<\/strong>, donde inclusive, tras el retiro de Philipp Lahm como internacional, ya era el capit\u00e1n absoluto para <em>The Manschaft<\/em>.<\/p>\n<blockquote class=\"twitter-tweet\" data-lang=\"es\">\n<p dir=\"ltr\" lang=\"en\">One happy captain! ? <a href=\"https:\/\/twitter.com\/BSchweinsteiger\">@BSchweinsteiger<\/a> <a href=\"https:\/\/twitter.com\/hashtag\/DieMannschaft?src=hash\">#DieMannschaft<\/a> <a href=\"https:\/\/twitter.com\/hashtag\/GERENG?src=hash\">#GERENG<\/a> <a href=\"https:\/\/t.co\/Gos4Zz6yBy\">pic.twitter.com\/Gos4Zz6yBy<\/a><\/p>\n<p>\u2014 Germany (@DFB_Team_EN) <a href=\"https:\/\/twitter.com\/DFB_Team_EN\/status\/712325176902422528\">22 de marzo de 2016<\/a><\/p><\/blockquote>\n<p><script src=\"\/\/platform.twitter.com\/widgets.js\" async=\"\" charset=\"utf-8\"><\/script><\/p>\n<p><strong><span style=\"color: #3366ff;\"><a style=\"color: #3366ff;\" href=\"http:\/\/www.futboltotal.com.mx\/2016\/03\/los-uniformes-la-eurocopa-2016\/\">LEER M\u00c1S: Los uniformes de la Eurocopa 2016<\/a><\/span><\/strong><\/p>\n<p>Pero las lesiones no respetan y a <strong>Schweinsteiger<\/strong> le fue borrada la sonrisa que ten\u00eda el martes luego de que tras los primeros reportes m\u00e9dicos le fuera diagnosticada una rotura parcial del ligamento colateral medio de su rodilla derecha, que le apartara de los duelos amistosos ante Inglaterra e Italia y muy probablemente lo deje fuera del <strong>Eurocopa<\/strong>, por el tiempo de recuperaci\u00f3n que requiere esta clase de lesiones.<\/p>\n<blockquote class=\"twitter-tweet\" data-lang=\"es\"><p>\nGet well soon, skipper! <a href=\"https:\/\/twitter.com\/BSchweinsteiger\">@BSchweinsteiger<\/a> sidelined with partial MCL tear: <a href=\"https:\/\/t.co\/E3kM8KO3uc\">https:\/\/t.co\/E3kM8KO3uc<\/a> <a href=\"https:\/\/twitter.com\/hashtag\/DieMannschaft?src=hash\">#DieMannschaft<\/a> <a href=\"https:\/\/t.co\/yPbczwy7Ae\">pic.twitter.com\/yPbczwy7Ae<\/a><\/p>\n<p>\u2014 Germany (@DFB_Team_EN) <a href=\"https:\/\/twitter.com\/DFB_Team_EN\/status\/712645810580811780\">23 de marzo de 2016<\/a>\n<\/p><\/blockquote>\n<p><script src=\"\/\/platform.twitter.com\/widgets.js\" async=\"\" charset=\"utf-8\"><\/script><\/p>\n<p>El diagn\u00f3stico fue confirmado despu\u00e9s de una resonancia magn\u00e9tica aplicada por el m\u00e9dico de Alemania, Hans-Wilhelm M\u00fcller-Wohlfahrt, este mi\u00e9rcoles en Munich. El tratamiento para <strong>Schweinsteiger<\/strong> ser\u00e1 realizado en conjunto por el cuerpo m\u00e9dico de la selecci\u00f3n y el Manchester United.<\/p>\n<p>A la terrible baja de Bastian en el entrenamiento de Alemania se agregaron las de Mesut Ozil y Karim Bellarabi. El futbolista de Arsenal y Bayer Leverkusen podr\u00edan perderse el amistoso pactado ante Inglaterra, situaci\u00f3n que preocupa a Joachim Low en lo que refiere a la conformaci\u00f3n de su plantel ideal, pues ambos jugadores fueron fundamentales en las eliminatorias rumbo a la Eurocopa 2016.<\/p>\n","protected":false},"excerpt":{"rendered":"<p>El capit\u00e1n sufri\u00f3 una rotura en el ligamento de su rodilla <\/p>\n","protected":false},"author":20,"featured_media":382997,"comment_status":"closed","ping_status":"closed","sticky":false,"template":"","format":"standard","meta":[],"categories":[3839,5951],"tags":[6000,5746,2236],"_links":{"self":[{"href":"http:\/\/desarrollo.grupomedios.com\/futbol\/wp-json\/wp\/v2\/posts\/382996"}],"collection":[{"href":"http:\/\/desarrollo.grupomedios.com\/futbol\/wp-json\/wp\/v2\/posts"}],"about":[{"href":"http:\/\/desarrollo.grupomedios.com\/futbol\/wp-json\/wp\/v2\/types\/post"}],"author":[{"embeddable":true,"href":"http:\/\/desarrollo.grupomedios.com\/futbol\/wp-json\/wp\/v2\/users\/20"}],"replies":[{"embeddable":true,"href":"http:\/\/desarrollo.grupomedios.com\/futbol\/wp-json\/wp\/v2\/comments?post=382996"}],"version-history":[{"count":0,"href":"http:\/\/desarrollo.grupomedios.com\/futbol\/wp-json\/wp\/v2\/posts\/382996\/revisions"}],"wp:featuredmedia":[{"embeddable":true,"href":"http:\/\/desarrollo.grupomedios.com\/futbol\/wp-json\/wp\/v2\/media\/382997"}],"wp:attachment":[{"href":"http:\/\/desarrollo.grupomedios.com\/futbol\/wp-json\/wp\/v2\/media?parent=382996"}],"wp:term":[{"taxonomy":"category","embeddable":true,"href":"http:\/\/desarrollo.grupomedios.com\/futbol\/wp-json\/wp\/v2\/categories?post=382996"},{"taxonomy":"post_tag","embeddable":true,"href":"http:\/\/desarrollo.grupomedios.com\/futbol\/wp-json\/wp\/v2\/tags?post=382996"}],"curies":[{"name":"wp","href":"https:\/\/api.w.org\/{rel}","templated":true}]}}