{"id":383042,"date":"2016-03-23T14:13:42","date_gmt":"2016-03-23T20:13:42","guid":{"rendered":"http:\/\/www.futboltotal.com.mx\/?p=383042"},"modified":"2016-03-23T14:14:36","modified_gmt":"2016-03-23T20:14:36","slug":"10-futbolistas-apodados-superheroes-2","status":"publish","type":"post","link":"http:\/\/desarrollo.grupomedios.com\/futbol\/futbol-mexicano\/10-futbolistas-apodados-superheroes-2\/2016\/03","title":{"rendered":"10 futbolistas apodados como Superh\u00e9roes"},"content":{"rendered":"<p>La madrugada del jueves 24 de marzo, los fan\u00e1ticos del mundo podr\u00e1n disfrutar por fin, de una de las pel\u00edculas m\u00e1s esperadas de 2016, pues se estrena en cines <strong>Batman v Superman: Down of Justice<\/strong>, un film que protagonizan los tres iconos de la <em>DC C\u00f3mics<\/em>. Y en <strong>Futbol Total<\/strong>, la forma en que le rendimos homenaje a tal producci\u00f3n, es con futbolistas apodados como <strong>superh\u00e9roes<\/strong>.<\/p>\n<p style=\"text-align: center;\"><span style=\"color: #3366ff;\"><strong><a style=\"color: #3366ff;\" href=\"http:\/\/futboltotal.com.mx\/2015\/12\/personajes-del-futbol-mexicano-version-star-wars\/\" target=\"_blank\">LEER M\u00c1S: Futbolistas del balompi\u00e9 nacional versi\u00f3n Star Wars<\/a><\/strong><\/span><\/p>\n<p><strong>Miguel Mar\u00edn<\/strong>,<em> Superman<\/em> | El guardameta argentino tuvo tan buen desempe\u00f1o en Cruz Azul, por ello\u00a0lo nombraron <em>Superman Mar\u00edn<\/em>, quien solo se equivoc\u00f3 una vez, pero no dej\u00f3 de ser llamado como el superh\u00e9roe.<\/p>\n<p><a href=\"http:\/\/www.futboltotal.com.mx\/wp-content\/uploads\/2016\/03\/superheroes-superman-marin.png\" rel=\"attachment wp-att-383060\"><img decoding=\"async\" loading=\"lazy\" class=\"alignnone size-full wp-image-383060\" src=\"http:\/\/www.futboltotal.com.mx\/wp-content\/uploads\/2016\/03\/superheroes-superman-marin.png\" alt=\"superheroes-superman-marin\" srcset=\"http:\/\/desarrollo.grupomedios.com\/futbol\/wp-content\/uploads\/2016\/03\/superheroes-superman-marin.png 820w, http:\/\/desarrollo.grupomedios.com\/futbol\/wp-content\/uploads\/2016\/03\/superheroes-superman-marin-300x110.png 300w, http:\/\/desarrollo.grupomedios.com\/futbol\/wp-content\/uploads\/2016\/03\/superheroes-superman-marin-768x281.png 768w\" sizes=\"(max-width: 820px) 100vw, 820px\" \/><\/a><\/p>\n<p><strong>Givanildo Vieira de Souza<\/strong>, <em>Hulk<\/em> | La corpulencia del brasile\u00f1o le hizo valer su mote del hombre verde, y ahora es m\u00e1s f\u00e1cil referirse a \u00e9l como <em>Hulk<\/em> que por su nombre.<\/p>\n<p><a href=\"http:\/\/www.futboltotal.com.mx\/wp-content\/uploads\/2016\/03\/superheroes-hulk.png\" rel=\"attachment wp-att-383062\"><img decoding=\"async\" loading=\"lazy\" class=\"alignnone size-full wp-image-383062\" src=\"http:\/\/www.futboltotal.com.mx\/wp-content\/uploads\/2016\/03\/superheroes-hulk.png\" alt=\"superheroes-hulk\" srcset=\"http:\/\/desarrollo.grupomedios.com\/futbol\/wp-content\/uploads\/2016\/03\/superheroes-hulk.png 820w, http:\/\/desarrollo.grupomedios.com\/futbol\/wp-content\/uploads\/2016\/03\/superheroes-hulk-300x110.png 300w, http:\/\/desarrollo.grupomedios.com\/futbol\/wp-content\/uploads\/2016\/03\/superheroes-hulk-768x281.png 768w\" sizes=\"(max-width: 820px) 100vw, 820px\" \/><\/a><\/p>\n<p><strong>Javier Guzm\u00e1n<\/strong>, <em>Kalim\u00e1n<\/em> | El zaguero fue un s\u00edmbolo del Cruz Azul, hizo d\u00fao en la defensiva <em>cementera<\/em> junto con el chileno Alberto Quintano. Fue apodado como el superh\u00e9roe nacional. Falleci\u00f3 el 14 de agosto de 2014.<\/p>\n<p><a href=\"http:\/\/www.futboltotal.com.mx\/wp-content\/uploads\/2016\/03\/superheroes-kaliman.png\" rel=\"attachment wp-att-383063\"><img decoding=\"async\" loading=\"lazy\" class=\"alignnone size-full wp-image-383063\" src=\"http:\/\/www.futboltotal.com.mx\/wp-content\/uploads\/2016\/03\/superheroes-kaliman.png\" alt=\"superheroes-kaliman\" srcset=\"http:\/\/desarrollo.grupomedios.com\/futbol\/wp-content\/uploads\/2016\/03\/superheroes-kaliman.png 820w, http:\/\/desarrollo.grupomedios.com\/futbol\/wp-content\/uploads\/2016\/03\/superheroes-kaliman-300x110.png 300w, http:\/\/desarrollo.grupomedios.com\/futbol\/wp-content\/uploads\/2016\/03\/superheroes-kaliman-768x281.png 768w\" sizes=\"(max-width: 820px) 100vw, 820px\" \/><\/a><\/p>\n<p><strong>Landon Donovan<\/strong>, <em>Capit\u00e1n Am\u00e9rica<\/em> | Ser l\u00edder de la selecci\u00f3n de Estados Unidos\u00a0provoc\u00f3 que lo llamaran igual que al <em>Vengador<\/em>; pero sus diferencias con el Jurgen Klinsmann,\u00a0seleccionador estadounidense, lo marginaron del representativo norteamericano.<\/p>\n<p><a href=\"http:\/\/www.futboltotal.com.mx\/wp-content\/uploads\/2016\/01\/futbolistas-que-eliminaron-al-tri-landon-donovan.jpg\" rel=\"attachment wp-att-345680\"><img decoding=\"async\" loading=\"lazy\" class=\"alignnone size-full wp-image-345680\" src=\"http:\/\/www.futboltotal.com.mx\/wp-content\/uploads\/2016\/01\/futbolistas-que-eliminaron-al-tri-landon-donovan.jpg\" alt=\"futbolistas-que-eliminaron-al-tri-landon-donovan\" srcset=\"http:\/\/desarrollo.grupomedios.com\/futbol\/wp-content\/uploads\/2016\/01\/futbolistas-que-eliminaron-al-tri-landon-donovan.jpg 820w, http:\/\/desarrollo.grupomedios.com\/futbol\/wp-content\/uploads\/2016\/01\/futbolistas-que-eliminaron-al-tri-landon-donovan-300x110.jpg 300w\" sizes=\"(max-width: 820px) 100vw, 820px\" \/><\/a><\/p>\n<p style=\"text-align: center;\"><span style=\"color: #3366ff;\"><strong><a style=\"color: #3366ff;\" href=\"http:\/\/futboltotal.com.mx\/2015\/12\/selecciones-de-futbol-version-dragon-ball-2\/\" target=\"_blank\">LEER M\u00c1S: Selecciones de futbol versi\u00f3n Dragon Ball<\/a><\/strong><\/span><\/p>\n<p><strong>Gianluigi Buffon<\/strong>, <em>Superman<\/em> | Ser uno de los mejores porteros de la historia y el mejor de Italia, le favorecieron para ser llamado igual que el <em>Hombre de Acero<\/em>.<\/p>\n<p><a href=\"http:\/\/www.futboltotal.com.mx\/wp-content\/uploads\/2016\/03\/superheroes-buffon.png\" rel=\"attachment wp-att-383064\"><img decoding=\"async\" loading=\"lazy\" class=\"alignnone size-full wp-image-383064\" src=\"http:\/\/www.futboltotal.com.mx\/wp-content\/uploads\/2016\/03\/superheroes-buffon.png\" alt=\"superheroes-buffon\" srcset=\"http:\/\/desarrollo.grupomedios.com\/futbol\/wp-content\/uploads\/2016\/03\/superheroes-buffon.png 820w, http:\/\/desarrollo.grupomedios.com\/futbol\/wp-content\/uploads\/2016\/03\/superheroes-buffon-300x110.png 300w, http:\/\/desarrollo.grupomedios.com\/futbol\/wp-content\/uploads\/2016\/03\/superheroes-buffon-768x281.png 768w\" sizes=\"(max-width: 820px) 100vw, 820px\" \/><\/a><\/p>\n<p><strong>Ricardo Quaresma<\/strong>, <em>Harry Potter<\/em> | Su buena t\u00e9cnica hizo que la gente lo viera como un mago dentro de la cancha, raz\u00f3n por la que fue llamado como el protagonista de los librios de J.K Rowling. Quiz\u00e1 <em>Harry Potter<\/em> no sea un h\u00e9roe de tira c\u00f3mica, pero s\u00ed un h\u00e9roe del mundo m\u00e1gico y para sus fans.<\/p>\n<p><strong>Christian Berm\u00fadez<\/strong>, <em>Hobbit<\/em> | Los <em>Hobbits<\/em> no eran considerados s\u00faper hombres, ni en los c\u00f3mics, ni en los libros de J.R. R. Tolkien; sin embargo, cuando salvaron la <em>Comunidad del Anillo<\/em>, se ganaron el respeto de la <em>Tierra Media<\/em>. Igual que Christian Berm\u00fadez con el Atlante en su \u00faltimo campeonato de Liga MX y de Concachampions.<\/p>\n<p><a href=\"http:\/\/www.futboltotal.com.mx\/wp-content\/uploads\/2016\/03\/superheroes-hobbit.png\" rel=\"attachment wp-att-383065\"><img decoding=\"async\" loading=\"lazy\" class=\"alignnone size-full wp-image-383065\" src=\"http:\/\/www.futboltotal.com.mx\/wp-content\/uploads\/2016\/03\/superheroes-hobbit.png\" alt=\"superheroes-hobbit\" srcset=\"http:\/\/desarrollo.grupomedios.com\/futbol\/wp-content\/uploads\/2016\/03\/superheroes-hobbit.png 820w, http:\/\/desarrollo.grupomedios.com\/futbol\/wp-content\/uploads\/2016\/03\/superheroes-hobbit-300x110.png 300w, http:\/\/desarrollo.grupomedios.com\/futbol\/wp-content\/uploads\/2016\/03\/superheroes-hobbit-768x281.png 768w\" sizes=\"(max-width: 820px) 100vw, 820px\" \/><\/a><\/p>\n<p><strong>Karim Benzema<\/strong>, <em>Maestro Karim<\/em> | El franc\u00e9s, a modo de burla, fue apodado as\u00ed por ser tocayo del personaje de <em>Dragon Ball<\/em>. Muchos no consideran superh\u00e9roes a los personajes de este manga, pero consideran que cualquiera de ellos es m\u00e1s fuerte que los de los c\u00f3mics norteamericanos.<\/p>\n<p><a href=\"http:\/\/www.futboltotal.com.mx\/wp-content\/uploads\/2016\/03\/superheroes-karim.png\" rel=\"attachment wp-att-383066\"><img decoding=\"async\" loading=\"lazy\" class=\"alignnone size-full wp-image-383066\" src=\"http:\/\/www.futboltotal.com.mx\/wp-content\/uploads\/2016\/03\/superheroes-karim.png\" alt=\"superheroes-karim\" srcset=\"http:\/\/desarrollo.grupomedios.com\/futbol\/wp-content\/uploads\/2016\/03\/superheroes-karim.png 820w, http:\/\/desarrollo.grupomedios.com\/futbol\/wp-content\/uploads\/2016\/03\/superheroes-karim-300x110.png 300w, http:\/\/desarrollo.grupomedios.com\/futbol\/wp-content\/uploads\/2016\/03\/superheroes-karim-768x281.png 768w\" sizes=\"(max-width: 820px) 100vw, 820px\" \/><\/a><\/p>\n<p style=\"text-align: center;\"><span style=\"color: #3366ff;\"><strong><a style=\"color: #3366ff;\" href=\"http:\/\/futboltotal.com.mx\/2015\/12\/liga-mx-version-dragon-ball-3\/\" target=\"_blank\">LEER M\u00c1S: Equipos de la Liga MX versi\u00f3n Dragon Ball<\/a><\/strong><\/span><\/p>\n<p><strong>Marco Reus y Emerick Aubameyang<\/strong>, <em>Batman y Robin<\/em> |\u00a0Los futbolistas del Borussia Dortmund, causaron sensaci\u00f3n cuando festejaron con la m\u00e1scara y el antifaz de Batman y Robin, respectivamente, por lo que de vez en cuando, los relacionan con los superh\u00e9roes. Antes de ellos, la dupla del Milan que formaban Andriy Shevchenko y Filippo Inzaghi, tambi\u00e9n fue comparada con el d\u00fao din\u00e1mico.<\/p>\n<p><a href=\"http:\/\/www.futboltotal.com.mx\/wp-content\/uploads\/2016\/03\/superheroes-aubameyang.png\" rel=\"attachment wp-att-383067\"><img decoding=\"async\" loading=\"lazy\" class=\"alignnone size-full wp-image-383067\" src=\"http:\/\/www.futboltotal.com.mx\/wp-content\/uploads\/2016\/03\/superheroes-aubameyang.png\" alt=\"superheroes-aubameyang\" srcset=\"http:\/\/desarrollo.grupomedios.com\/futbol\/wp-content\/uploads\/2016\/03\/superheroes-aubameyang.png 820w, http:\/\/desarrollo.grupomedios.com\/futbol\/wp-content\/uploads\/2016\/03\/superheroes-aubameyang-300x110.png 300w, http:\/\/desarrollo.grupomedios.com\/futbol\/wp-content\/uploads\/2016\/03\/superheroes-aubameyang-768x281.png 768w\" sizes=\"(max-width: 820px) 100vw, 820px\" \/><\/a><\/p>\n<p>Adem\u00e1s, otro futbolista apodado como superh\u00e9roe es Robert Lewandowski, quien milita en el Bayern Munich; su apodo no es como tal el de Superman, pero s\u00ed es Super Lewandowski por su capacidad goleadora. Se le relaciona con el <em>Hombre de Acero<\/em>, por un arte que hizo el Bayern Munich, en su cuenta de Twitter.<\/p>\n<p><a href=\"http:\/\/www.futboltotal.com.mx\/wp-content\/uploads\/2016\/03\/superheroes-lewandoski.png\" rel=\"attachment wp-att-383068\"><img decoding=\"async\" loading=\"lazy\" class=\"alignnone size-full wp-image-383068\" src=\"http:\/\/www.futboltotal.com.mx\/wp-content\/uploads\/2016\/03\/superheroes-lewandoski.png\" alt=\"superheroes-lewandoski\" srcset=\"http:\/\/desarrollo.grupomedios.com\/futbol\/wp-content\/uploads\/2016\/03\/superheroes-lewandoski.png 820w, http:\/\/desarrollo.grupomedios.com\/futbol\/wp-content\/uploads\/2016\/03\/superheroes-lewandoski-300x110.png 300w, http:\/\/desarrollo.grupomedios.com\/futbol\/wp-content\/uploads\/2016\/03\/superheroes-lewandoski-768x281.png 768w\" sizes=\"(max-width: 820px) 100vw, 820px\" \/><\/a><\/p>\n<p>Si todos los <strong>superh\u00e9roes<\/strong> se enfrentaran en un partido de futbol, este ser\u00eda el resultado:<\/p>\n<p><iframe loading=\"lazy\" src=\"https:\/\/www.youtube.com\/embed\/PFBmsLT_I98\" frameborder=\"0\" allowfullscreen=\"allowfullscreen\"><\/iframe><\/p>\n","protected":false},"excerpt":{"rendered":"<p>Se estrena Batman v Superman, una de las pel\u00edculas m\u00e1s esperadas<\/p>\n","protected":false},"author":20,"featured_media":383048,"comment_status":"closed","ping_status":"closed","sticky":false,"template":"","format":"standard","meta":[],"categories":[5419,3839,2198,5418],"tags":[5460,6625],"_links":{"self":[{"href":"http:\/\/desarrollo.grupomedios.com\/futbol\/wp-json\/wp\/v2\/posts\/383042"}],"collection":[{"href":"http:\/\/desarrollo.grupomedios.com\/futbol\/wp-json\/wp\/v2\/posts"}],"about":[{"href":"http:\/\/desarrollo.grupomedios.com\/futbol\/wp-json\/wp\/v2\/types\/post"}],"author":[{"embeddable":true,"href":"http:\/\/desarrollo.grupomedios.com\/futbol\/wp-json\/wp\/v2\/users\/20"}],"replies":[{"embeddable":true,"href":"http:\/\/desarrollo.grupomedios.com\/futbol\/wp-json\/wp\/v2\/comments?post=383042"}],"version-history":[{"count":0,"href":"http:\/\/desarrollo.grupomedios.com\/futbol\/wp-json\/wp\/v2\/posts\/383042\/revisions"}],"wp:featuredmedia":[{"embeddable":true,"href":"http:\/\/desarrollo.grupomedios.com\/futbol\/wp-json\/wp\/v2\/media\/383048"}],"wp:attachment":[{"href":"http:\/\/desarrollo.grupomedios.com\/futbol\/wp-json\/wp\/v2\/media?parent=383042"}],"wp:term":[{"taxonomy":"category","embeddable":true,"href":"http:\/\/desarrollo.grupomedios.com\/futbol\/wp-json\/wp\/v2\/categories?post=383042"},{"taxonomy":"post_tag","embeddable":true,"href":"http:\/\/desarrollo.grupomedios.com\/futbol\/wp-json\/wp\/v2\/tags?post=383042"}],"curies":[{"name":"wp","href":"https:\/\/api.w.org\/{rel}","templated":true}]}}