{"id":383086,"date":"2016-03-25T20:51:29","date_gmt":"2016-03-26T02:51:29","guid":{"rendered":"http:\/\/www.futboltotal.com.mx\/?p=383086"},"modified":"2016-03-25T22:03:40","modified_gmt":"2016-03-26T04:03:40","slug":"en-vivo-canada-vs-mexico-eliminatorias-concacaf","status":"publish","type":"post","link":"http:\/\/desarrollo.grupomedios.com\/futbol\/futbol-mexicano\/en-vivo-canada-vs-mexico-eliminatorias-concacaf\/2016\/03","title":{"rendered":"AS\u00cd SE VIVI\u00d3 | Canad\u00e1 0-3 M\u00e9xico | Eliminatorias CONCACAF"},"content":{"rendered":"<p><span style=\"color: #ff0000;\">94:00<\/span> | Acaba el partido.<\/p>\n<p><span style=\"color: #ff0000;\">89:00<\/span> | Se agregan cuatro\u00a0minutos.<\/p>\n<p><span style=\"color: #ff0000;\">82:00<\/span> | Cambio de Canad\u00e1 se va Hoilett e ingreso Akindele.<\/p>\n<p><span style=\"color: #ff0000;\">71:00<\/span> | \u00a1Gooooooooooool de M\u00e9xico! Tecatito no hab\u00eda aparecido en todo el partido, recort\u00f3 en el \u00e1rea y ya firm\u00f3 la goleada.<\/p>\n<div class=\"fb-video\" data-allowfullscreen=\"1\" data-href=\"https:\/\/www.facebook.com\/MiSeleccionMX\/videos\/10154852228867195\/\">\n<div class=\"fb-xfbml-parse-ignore\">\n<blockquote cite=\"https:\/\/www.facebook.com\/MiSeleccionMX\/videos\/10154852228867195\/\"><p><a href=\"https:\/\/www.facebook.com\/MiSeleccionMX\/videos\/10154852228867195\/\">Canad\u00e1 0-3 M\u00e9xico. Minuto 71.<\/a>Canad\u00e1 0-3 M\u00e9xico al &#8217;71. Disfruta el gol de Jes\u00fas Manuel Corona con adidas FMF. #DefiendeTuCancha<\/p>\n<p>Posted by <a href=\"https:\/\/www.facebook.com\/MiSeleccionMX\/\">Selecci\u00f3n Nacional de M\u00e9xico<\/a> on viernes, 25 de marzo de 2016<\/p><\/blockquote>\n<\/div>\n<\/div>\n<p><span style=\"color: #ff0000;\">70:00<\/span> | \u00daltimo cambio de M\u00e9xico, se va Chicharito e ingresa Jalvier Aquino.<\/p>\n<p><span style=\"color: #ff0000;\">66:00<\/span> | Lo curioso del partido, fue que un espont\u00e1neo se salt\u00f3 a la cancha, pero sali\u00f3 sin armar jaleo.<\/p>\n<p><span style=\"color: #ff0000;\">62:00<\/span> | Lay\u00fan amag\u00f3 con un centro, pero Artfield lo baj\u00f3.<\/p>\n<p><span style=\"color: #ff0000;\">59:00<\/span> | Segundo cambio de M\u00e9xico, se va Lozano e ingresa Marco Fabi\u00e1n.<\/p>\n<p><span style=\"color: #ff0000;\">58:00<\/span> | Gooooo&#8230; \u00a1No! Chicharito ya cantaba su segundo de la noche pero estaba en fuera de juego.<\/p>\n<p><span style=\"color: #ff0000;\">57:00<\/span> | \u00a1Uy! La defensa mexicana se durmi\u00f3, Larin qued\u00f3 mano a mano con Talavera que se impuso e impidi\u00f3 el primero de Canad\u00e1.<\/p>\n<p><span style=\"color: #ff0000;\">52:00<\/span> | Despu\u00e9s de un ataque dominante de Canad\u00e1, M\u00e9xico empieza a controlar la pelota.<\/p>\n<p><span style=\"color: #ff0000;\">47:00<\/span> | Larin estaba entre tres, pero alcanz\u00f3 a sacar el disparo, el problema fue que le peg\u00f3 sin fuerza.<\/p>\n<p><span style=\"color: #ff0000;\">45:00<\/span> | Comienza el segundo tiempo.<\/p>\n<p><span style=\"color: #ff0000;\">45:00<\/span> | Cambio obligado de M\u00e9xico, se va M\u00e1rquez e ingresa Jes\u00fas Molina.<\/p>\n<p><span style=\"color: #ff0000;\">45:00<\/span> | Acaba el primer tiempo.<\/p>\n<p><span style=\"color: #ff0000;\">39:00<\/span> | \u00a1Goooooooool de M\u00e9xico! Hirving Lozano sac\u00f3 un disparo que dej\u00f3 sin oportunidad al portero.<\/p>\n<div class=\"fb-video\" data-allowfullscreen=\"1\" data-href=\"https:\/\/www.facebook.com\/MiSeleccionMX\/videos\/10154852060472195\/\">\n<div class=\"fb-xfbml-parse-ignore\">\n<blockquote cite=\"https:\/\/www.facebook.com\/MiSeleccionMX\/videos\/10154852060472195\/\"><p><a href=\"https:\/\/www.facebook.com\/MiSeleccionMX\/videos\/10154852060472195\/\">Canad\u00e1 0-2 M\u00e9xico. Minuto 38.<\/a>Canad\u00e1 0-2 M\u00e9xico al 38&#8242;. Corona te trae el gol de Hirving Lozano. \u00a1No te lo pierdas!<\/p>\n<p>Posted by <a href=\"https:\/\/www.facebook.com\/MiSeleccionMX\/\">Selecci\u00f3n Nacional de M\u00e9xico<\/a> on viernes, 25 de marzo de 2016<\/p><\/blockquote>\n<\/div>\n<\/div>\n<p><span style=\"color: #ff0000;\">34:00<\/span> | \u00a1Noooooooo! Incre\u00edble, Chicharito pas\u00f3 de lo sublime a lo infame, s\u00f3lo era empujarla y la estrell\u00f3 en el poste, jugada que repiti\u00f3 Herrera.<\/p>\n<p><span style=\"color: #ff0000;\">31:00<\/span> | \u00a1Goooooooooool de M\u00e9xico! Como con la mano, Lay\u00fan se la puso a Chicharito que no perdon\u00f3.<\/p>\n<div class=\"fb-video\" data-allowfullscreen=\"1\" data-href=\"https:\/\/www.facebook.com\/MiSeleccionMX\/videos\/10154852031437195\/\">\n<div class=\"fb-xfbml-parse-ignore\">\n<blockquote cite=\"https:\/\/www.facebook.com\/MiSeleccionMX\/videos\/10154852031437195\/\"><p><a href=\"https:\/\/www.facebook.com\/MiSeleccionMX\/videos\/10154852031437195\/\">Canad\u00e1 0-1 M\u00e9xico. Minuto 30.<\/a>Canad\u00e1 0-1 M\u00e9xico al &#8217;30. Corona te trae el gol de Javier &#8220;Chicharito&#8221; Hern\u00e1ndez. \u00a1No te lo pierdas! #DefiendeTuCancha<\/p>\n<p>Posted by <a href=\"https:\/\/www.facebook.com\/MiSeleccionMX\/\">Selecci\u00f3n Nacional de M\u00e9xico<\/a> on viernes, 25 de marzo de 2016<\/p><\/blockquote>\n<\/div>\n<\/div>\n<p><span style=\"color: #ff0000;\">27:00<\/span> | Ante la nula productividad de los centros, Guardado sac\u00f3 disparo raso que provoc\u00f3 que el arquero vuelva a ser figura.<\/p>\n<p><span style=\"color: #ff0000;\">25:00<\/span> | \u00bfY c\u00f3mo le llamamos a esto? Larin estaba completamente solo y dio un punterazo que se fue muy lejos.<\/p>\n<p><span style=\"color: #ff0000;\">22:00<\/span> | Los de la Hoja de Maple ya volvieron a adue\u00f1arse de la pelota, pero se mantienen detr\u00e1s de medio campo.<\/p>\n<p><span style=\"color: #ff0000;\">20:00<\/span> | La que se perdi\u00f3 Hoilett, estaba completamente solo en el \u00e1rea y la mand\u00f3 a las gradas.<\/p>\n<p><span style=\"color: #ff0000;\">17:00<\/span> | M\u00e9xico ya es amo y se\u00f1or del partido, pero le falta precisi\u00f3n en los centros.<\/p>\n<p><span style=\"color: #ff0000;\">15:00<\/span> | \u00a1Uy! Lay\u00fan \u00a0le peg\u00f3 de primera y de volea&#8230; casi la pone en el \u00e1ngulo.<\/p>\n<p><span style=\"color: #ff0000;\">12:00<\/span> | \u00a1Uf! H\u00e9ctor Herrera hizo una bicicleta, vio el espacio, le peg\u00f3 y oblig\u00f3 un atajad\u00f3n de Borjan.<\/p>\n<p><span style=\"color: #ff0000;\">10:00<\/span> | Chucky comienza a pesar por la derecha, pero sus centros no llevan direcci\u00f3n.<\/p>\n<p><span style=\"color: #ff0000;\">08:00<\/span> | \u00a1Uy! Hirving Lozano se salv\u00f3 de la amarilla, porque le dio un patad\u00f3n a De Jong, pero el \u00e1rbitro se la perdon\u00f3.<\/p>\n<p><span style=\"color: #ff0000;\">05:00<\/span> | Hasta el momento, el combinado nacional ha visto c\u00f3mo el rival pasea la pelota por todo el campo.<\/p>\n<p><span style=\"color: #ff0000;\">03:00<\/span> | Al Tri le cuesta salir con bal\u00f3n controlado, porque el local no deja de presionar.<\/p>\n<p><span style=\"color: #ff0000;\">01:00<\/span> | Canad\u00e1 ya dio el primer aviso, peor el disparo de Larin se fue a las gradas.<\/p>\n<p><span style=\"color: #ff0000;\">00:00<\/span> | \u00a1Arranca el partido! M\u00e9xico quiere seguir invicto.<\/p>\n<p><span style=\"color: #ff0000;\">00:00<\/span> | Comienza el protocolo de la Concacaf.<\/p>\n<p>Chicharito Hern\u00e1ndez est\u00e1 cerca de convertirse <a href=\"http:\/\/www.futboltotal.com.mx\/2016\/03\/chicharito-cerca-maximo-goleador-mexico\/\" target=\"_blank\">en el m\u00e1ximo goleador del Tri<\/a>. \u00bfcu\u00e1ntos marcar\u00e1 hoy?<\/p>\n<p>Alineaci\u00f3n Canad\u00e1:\u00a0Borjan, de Guzman, Jakovic, Johnson, Hoilett, Ricketts, Henry, Hutchinson, Straith, de Jong, Larin.<\/p>\n<p>Alineaci\u00f3n M\u00e9xico:\u00a0Talavera, Lay\u00fan, Moreno, Reyes, Aguilar, Herrera, M\u00e1rquez, Guardado, Lozano, Corona y Hern\u00e1ndez.<\/p>\n<p>Juan Carlos Osorio da sus \u00faltimas indicaciones.<\/p>\n<blockquote class=\"twitter-tweet\" data-lang=\"es\"><p>\u00a1Afinamos los \u00faltimos detalles antes del partido!<\/p>\n<p>\u00a1Vamos M\u00e9xico! <a href=\"https:\/\/twitter.com\/hashtag\/DefiendeTuCancha?src=hash\">#DefiendeTuCancha<\/a> <a href=\"https:\/\/t.co\/a4WCDpR4pP\">pic.twitter.com\/a4WCDpR4pP<\/a><\/p>\n<p>\u2014 Selecci\u00f3n Nacional (@miseleccionmx) <a href=\"https:\/\/twitter.com\/miseleccionmx\/status\/713533905819865088\">26 de marzo de 2016<\/a><\/p><\/blockquote>\n<p><script src=\"\/\/platform.twitter.com\/widgets.js\" async=\"\" charset=\"utf-8\"><\/script><\/p>\n<p>La Selecci\u00f3n Mexicana ya lleg\u00f3 al lugar de la cita.<\/p>\n<blockquote class=\"twitter-tweet\" data-lang=\"es\"><p>\n\u00a1Rumbo al vestidor!<\/p>\n<p>Llegamos al <a href=\"https:\/\/twitter.com\/bcplace\">@bcplace<\/a> para buscar los tres puntos. <a href=\"https:\/\/twitter.com\/hashtag\/DefiendeTuCancha?src=hash\">#DefiendeTuCancha<\/a> ? ? <a href=\"https:\/\/t.co\/TihRawUN1q\">pic.twitter.com\/TihRawUN1q<\/a><\/p>\n<p>\u2014 Selecci\u00f3n Nacional (@miseleccionmx) <a href=\"https:\/\/twitter.com\/miseleccionmx\/status\/713527261815767040\">26 de marzo de 2016<\/a>\n<\/p><\/blockquote>\n<p><script src=\"\/\/platform.twitter.com\/widgets.js\" async=\"\" charset=\"utf-8\"><\/script><\/p>\n<p>Este viernes 25 de marzo, la <strong><a href=\"http:\/\/www.futboltotal.com.mx\/futbol-mexicano\/seleccion-mexicana\/\" target=\"_blank\">Selecci\u00f3n de M\u00e9xico<\/a><\/strong> visita a <strong>Canad\u00e1<\/strong> en la reanudaci\u00f3n de los juegos de la <strong>Eliminatoria de CONCACAF<\/strong>, rumbo a Rusia 2018. Este ser\u00e1 el tercer partido de ambos equipos, quienes pelear\u00e1n por el liderato del grupo.<\/p>\n<p><strong>M\u00e9xico<\/strong> lidera el grupo A con seis puntos, mientras que <strong>Canad\u00e1<\/strong> se ubica en segundo puesto con cuatro unidades, por lo que una victoria local, lo ubicar\u00eda como el nuevo mandam\u00e1s del sector; sin embargo, la victoria del<em> Tri<\/em> lo separar\u00eda del resto de los equipos, pues El Salvador y Honduras cuentan con uno y cero puntos, respectivamente.<\/p>\n<p>A pesar de las cr\u00edticas que Juan Carlos Osorio ha recibido por no haber convocado a Oribe Peralta a la <strong>Selecci\u00f3n de M\u00e9xico<\/strong>, quien es el mejor anotador mexicano en la Liga MX; el estratega sabe que cuenta con otro goleador de calidad internacional: Chicharito, a\u00fan as\u00ed, reconoce que le doli\u00f3 no convocar al <em>Hermoso<\/em>.<\/p>\n<p>&#8220;No fue una decisi\u00f3n sencilla. No solo qued\u00f3 fuera Oribe sino tambi\u00e9n Jos\u00e9 Arturo y Carlos Vela. Estamos felices con los siete goles que Peralta ha hecho en <strong>M\u00e9xico<\/strong> y conocemos todo lo que nos puede dar, pero decidimos darle oportunidad a otro, arroparlo y nosotros pensamos que podr\u00eda ser importante. Ojal\u00e1 tenga la posibilidad de actuar ante un equipo tan duro como lo ser\u00e1 <strong>Canad\u00e1<\/strong>&#8220;, declar\u00f3 el estratega de <em>Tri<\/em>.<\/p>\n<p><strong>Canad\u00e1 vs. M\u00e9xico<\/strong>, \u00bfqui\u00e9n ganar\u00e1, <em>cracks<\/em>?<\/p>\n","protected":false},"excerpt":{"rendered":"<p>El Tri busca mantiene paso perfecto<\/p>\n","protected":false},"author":20,"featured_media":383331,"comment_status":"closed","ping_status":"closed","sticky":false,"template":"","format":"standard","meta":[],"categories":[2198,3847],"tags":[5928,142],"_links":{"self":[{"href":"http:\/\/desarrollo.grupomedios.com\/futbol\/wp-json\/wp\/v2\/posts\/383086"}],"collection":[{"href":"http:\/\/desarrollo.grupomedios.com\/futbol\/wp-json\/wp\/v2\/posts"}],"about":[{"href":"http:\/\/desarrollo.grupomedios.com\/futbol\/wp-json\/wp\/v2\/types\/post"}],"author":[{"embeddable":true,"href":"http:\/\/desarrollo.grupomedios.com\/futbol\/wp-json\/wp\/v2\/users\/20"}],"replies":[{"embeddable":true,"href":"http:\/\/desarrollo.grupomedios.com\/futbol\/wp-json\/wp\/v2\/comments?post=383086"}],"version-history":[{"count":0,"href":"http:\/\/desarrollo.grupomedios.com\/futbol\/wp-json\/wp\/v2\/posts\/383086\/revisions"}],"wp:featuredmedia":[{"embeddable":true,"href":"http:\/\/desarrollo.grupomedios.com\/futbol\/wp-json\/wp\/v2\/media\/383331"}],"wp:attachment":[{"href":"http:\/\/desarrollo.grupomedios.com\/futbol\/wp-json\/wp\/v2\/media?parent=383086"}],"wp:term":[{"taxonomy":"category","embeddable":true,"href":"http:\/\/desarrollo.grupomedios.com\/futbol\/wp-json\/wp\/v2\/categories?post=383086"},{"taxonomy":"post_tag","embeddable":true,"href":"http:\/\/desarrollo.grupomedios.com\/futbol\/wp-json\/wp\/v2\/tags?post=383086"}],"curies":[{"name":"wp","href":"https:\/\/api.w.org\/{rel}","templated":true}]}}