{"id":383126,"date":"2016-03-23T17:56:07","date_gmt":"2016-03-23T23:56:07","guid":{"rendered":"http:\/\/www.futboltotal.com.mx\/?p=383126"},"modified":"2016-03-23T17:59:29","modified_gmt":"2016-03-23T23:59:29","slug":"se-jugara-portugal-vs-belgica","status":"publish","type":"post","link":"http:\/\/desarrollo.grupomedios.com\/futbol\/futbol-internacional\/se-jugara-portugal-vs-belgica\/2016\/03","title":{"rendered":"S\u00ed se jugar\u00e1 el Portugal vs. B\u00e9lgica"},"content":{"rendered":"<p>Luego de que la federaci\u00f3n de <strong>B\u00e9lgica<\/strong> informara que se cancelaba el encuentro entre su selecci\u00f3n y la de <strong>Portugal<\/strong> por los atentados ocurridos en territorio belga; las federaciones de ambos combinados llegaron a un acuerdo para que s\u00ed se disputara el encuentro.<\/p>\n<p>La sede ser\u00e1 Leiria, en <strong>Portugal<\/strong>, as\u00ed lo inform\u00f3 la federaci\u00f3n <em>lusa<\/em>, quien tambi\u00e9n explic\u00f3 que no hay modificaci\u00f3n en la fecha y hora del cotejo, sino en el lugar donde se disputar\u00e1, pues ahora ser\u00e1, en tierras peninsulares.<\/p>\n<p>La decisi\u00f3n fue tomada la noche del pasado martes 22, entre las federaciones de <strong>B\u00e9lgica<\/strong> y <strong>Portugal<\/strong>. El encuentro se realizar\u00e1 el 29 de marzo a las 19:45 horas (tiempo local). El partido originalmente se iba a disputar en Bruselas, ciudad donde ocurri\u00f3 el atentado ejecutado por miembros de ISIS.<\/p>\n<p>&#8220;La Real Federaci\u00f3n de Futbol de B\u00e9lgica (RBFA) agradece la disponibilidade, flexibilidad y las soluciones presentadas por la FPF. La Federaci\u00f3n Portuguesa de Futbol expresa total solidariedad para con la RBFA y el pueblo belga, en este momento particularmente doloroso&#8221;, se\u00f1al\u00f3 el organismo <em>luso<\/em>, en comunicado.<\/p>\n<blockquote class=\"twitter-tweet\" data-lang=\"es\">\n<p dir=\"ltr\" lang=\"pt\">Est\u00e1dio Dr. Magalh\u00e3es Pessoa, palco dos jogos com a Bulg\u00e1ria e B\u00e9lgica. <a href=\"https:\/\/t.co\/6QNZYAAZsB\">pic.twitter.com\/6QNZYAAZsB<\/a><\/p>\n<p>\u2014 selecaoportugal (@selecaoportugal) <a href=\"https:\/\/twitter.com\/selecaoportugal\/status\/712688837147893760\">23 de marzo de 2016<\/a><\/p><\/blockquote>\n<p><script src=\"\/\/platform.twitter.com\/widgets.js\" async=\"\" charset=\"utf-8\"><\/script><\/p>\n<p><span style=\"color: #ff0000;\"><strong>VIDEO<\/strong>: Agenda de Tv de la Fecha FIFA<\/span><\/p>\n<p>[video_player]https:\/\/player.vimeo.com\/external\/160014525.sd.mp4?s=f36ce07574ef9d81895a39e0efb20e96fec2def5&amp;profile_id=165[\/video_player]<\/p>\n","protected":false},"excerpt":{"rendered":"<p>Debido a los atentados del 22 de marzo, el juego cambi\u00f3 de sede<\/p>\n","protected":false},"author":20,"featured_media":383135,"comment_status":"closed","ping_status":"closed","sticky":false,"template":"","format":"standard","meta":[],"categories":[3839,5951],"tags":[599,715],"_links":{"self":[{"href":"http:\/\/desarrollo.grupomedios.com\/futbol\/wp-json\/wp\/v2\/posts\/383126"}],"collection":[{"href":"http:\/\/desarrollo.grupomedios.com\/futbol\/wp-json\/wp\/v2\/posts"}],"about":[{"href":"http:\/\/desarrollo.grupomedios.com\/futbol\/wp-json\/wp\/v2\/types\/post"}],"author":[{"embeddable":true,"href":"http:\/\/desarrollo.grupomedios.com\/futbol\/wp-json\/wp\/v2\/users\/20"}],"replies":[{"embeddable":true,"href":"http:\/\/desarrollo.grupomedios.com\/futbol\/wp-json\/wp\/v2\/comments?post=383126"}],"version-history":[{"count":0,"href":"http:\/\/desarrollo.grupomedios.com\/futbol\/wp-json\/wp\/v2\/posts\/383126\/revisions"}],"wp:featuredmedia":[{"embeddable":true,"href":"http:\/\/desarrollo.grupomedios.com\/futbol\/wp-json\/wp\/v2\/media\/383135"}],"wp:attachment":[{"href":"http:\/\/desarrollo.grupomedios.com\/futbol\/wp-json\/wp\/v2\/media?parent=383126"}],"wp:term":[{"taxonomy":"category","embeddable":true,"href":"http:\/\/desarrollo.grupomedios.com\/futbol\/wp-json\/wp\/v2\/categories?post=383126"},{"taxonomy":"post_tag","embeddable":true,"href":"http:\/\/desarrollo.grupomedios.com\/futbol\/wp-json\/wp\/v2\/tags?post=383126"}],"curies":[{"name":"wp","href":"https:\/\/api.w.org\/{rel}","templated":true}]}}