{"id":383274,"date":"2016-03-25T17:46:04","date_gmt":"2016-03-25T23:46:04","guid":{"rendered":"http:\/\/www.futboltotal.com.mx\/?p=383274"},"modified":"2016-03-25T17:46:04","modified_gmt":"2016-03-25T23:46:04","slug":"francia-gana-arruina-homenaje-a-cruyff","status":"publish","type":"post","link":"http:\/\/desarrollo.grupomedios.com\/futbol\/destacado-home\/francia-gana-arruina-homenaje-a-cruyff\/2016\/03","title":{"rendered":"Francia gana y arruina homenaje a Cruyff"},"content":{"rendered":"<p>La selecci\u00f3n de <strong>Holanda<\/strong> rindi\u00f3 un homenaje p\u00f3stumo a Johan Cruyff con una manta que sirvi\u00f3 para recodar a uno de los art\u00edfices del Futbol Total, detalle que se ten\u00eda previsto firmar con una victoria frente a <strong>Francia<\/strong>, situaci\u00f3n que no se pudo concretar pues la visita venci\u00f3\u00a02-3 en la Fecha FIFA.<\/p>\n<p>Tras un minuto de silencio en nombre del ex m\u00edtico jugador y por las v\u00edctimas del atentado en B\u00e9lgica, la <em>Naranja Mec\u00e1nica<\/em> a\u00f1oraba imponerse en la Amsterdam Arena, el problema fue que <em>Les<\/em><em>\u00a0Bleus<\/em> se adue\u00f1aron de la pelota en las primeras acciones.<\/p>\n<p><a href=\"http:\/\/www.futboltotal.com.mx\/wp-content\/uploads\/2016\/03\/holanda-vs-francia-amistoso-fecha-fifa-1.jpg\" rel=\"attachment wp-att-383276\"><img decoding=\"async\" loading=\"lazy\" class=\"alignnone size-full wp-image-383276\" src=\"http:\/\/www.futboltotal.com.mx\/wp-content\/uploads\/2016\/03\/holanda-vs-francia-amistoso-fecha-fifa-1.jpg\" alt=\"holanda-vs-francia-amistoso-fecha-fifa-1\" srcset=\"http:\/\/desarrollo.grupomedios.com\/futbol\/wp-content\/uploads\/2016\/03\/holanda-vs-francia-amistoso-fecha-fifa-1.jpg 820w, http:\/\/desarrollo.grupomedios.com\/futbol\/wp-content\/uploads\/2016\/03\/holanda-vs-francia-amistoso-fecha-fifa-1-300x128.jpg 300w, http:\/\/desarrollo.grupomedios.com\/futbol\/wp-content\/uploads\/2016\/03\/holanda-vs-francia-amistoso-fecha-fifa-1-768x328.jpg 768w\" sizes=\"(max-width: 820px) 100vw, 820px\" \/><\/a><\/p>\n<p>Desde el arranque <strong>Francia <\/strong>advirti\u00f3 que no se tentar\u00eda el coraz\u00f3n para salir airosa despu\u00e9s que Antoine Griezmann abri\u00f3 el marcador apenas al minuto 5. Por si fuera poco, Oliver Giroud dobl\u00f3 la ventaja for\u00e1nea (13\u2019).<\/p>\n<p style=\"text-align: center;\"><span style=\"color: #3366ff;\"><strong><a style=\"color: #3366ff;\" href=\"http:\/\/www.futboltotal.com.mx\/2016\/03\/johan-cruyff-chivas-idilio-frustrado\/\" target=\"_blank\">LEER M\u00c1S: Cruyff-Chivas, el idilio frustrado<\/a><\/strong><\/span><\/p>\n<p>Para el complemento del cotejo, <strong>Holanda<\/strong> dio muestras de reacci\u00f3n con la diana de Luuk de Jong (47\u2019), pero se top\u00f3 con una barrera azul que mantuvo tranquilas las redes hasta que Ibrahim Afellay empat\u00f3 2-2 el juego (86\u2019), pero la felicidad en Amsterdam fue ef\u00edmera ya que Blaise Matuidi firm\u00f3 el 2-3 final (87\u2019).<\/p>\n<p><span style=\"color: #ff0000;\"><strong>VIDEO<\/strong>: Agenda de Tv de la Fecha FIFA<\/span><br \/>\n[video_player]https:\/\/player.vimeo.com\/external\/160014525.sd.mp4?s=f36ce07574ef9d81895a39e0efb20e96fec2def5&amp;profile_id=165[\/video_player]<\/p>\n","protected":false},"excerpt":{"rendered":"<p>Les Bleus vencieron 2-3 a Holanda en amistoso<\/p>\n","protected":false},"author":20,"featured_media":383275,"comment_status":"closed","ping_status":"closed","sticky":false,"template":"","format":"standard","meta":[],"categories":[5,3839],"tags":[2763,413,6024],"_links":{"self":[{"href":"http:\/\/desarrollo.grupomedios.com\/futbol\/wp-json\/wp\/v2\/posts\/383274"}],"collection":[{"href":"http:\/\/desarrollo.grupomedios.com\/futbol\/wp-json\/wp\/v2\/posts"}],"about":[{"href":"http:\/\/desarrollo.grupomedios.com\/futbol\/wp-json\/wp\/v2\/types\/post"}],"author":[{"embeddable":true,"href":"http:\/\/desarrollo.grupomedios.com\/futbol\/wp-json\/wp\/v2\/users\/20"}],"replies":[{"embeddable":true,"href":"http:\/\/desarrollo.grupomedios.com\/futbol\/wp-json\/wp\/v2\/comments?post=383274"}],"version-history":[{"count":0,"href":"http:\/\/desarrollo.grupomedios.com\/futbol\/wp-json\/wp\/v2\/posts\/383274\/revisions"}],"wp:featuredmedia":[{"embeddable":true,"href":"http:\/\/desarrollo.grupomedios.com\/futbol\/wp-json\/wp\/v2\/media\/383275"}],"wp:attachment":[{"href":"http:\/\/desarrollo.grupomedios.com\/futbol\/wp-json\/wp\/v2\/media?parent=383274"}],"wp:term":[{"taxonomy":"category","embeddable":true,"href":"http:\/\/desarrollo.grupomedios.com\/futbol\/wp-json\/wp\/v2\/categories?post=383274"},{"taxonomy":"post_tag","embeddable":true,"href":"http:\/\/desarrollo.grupomedios.com\/futbol\/wp-json\/wp\/v2\/tags?post=383274"}],"curies":[{"name":"wp","href":"https:\/\/api.w.org\/{rel}","templated":true}]}}