{"id":383281,"date":"2016-03-25T18:00:27","date_gmt":"2016-03-26T00:00:27","guid":{"rendered":"http:\/\/www.futboltotal.com.mx\/?p=383281"},"modified":"2016-03-25T18:00:27","modified_gmt":"2016-03-26T00:00:27","slug":"atentado-en-estadio-irak-deja-29-muertos","status":"publish","type":"post","link":"http:\/\/desarrollo.grupomedios.com\/futbol\/futbol-internacional\/atentado-en-estadio-irak-deja-29-muertos\/2016\/03","title":{"rendered":"Atentado en estadio de Irak deja 29 muertos"},"content":{"rendered":"<p>No s\u00f3lo el futbol est\u00e1 de luto, sino todo el mundo; porque de nueva cuenta el <strong>terrorismo<\/strong> provoc\u00f3 una tragedia luego que en un partido de futbol en <strong>Irak<\/strong> se deton\u00f3 un explosivo que dej\u00f3 29 muertos y 60 heridos; dicho acto se presume que fue acto del Estado Isl\u00e1mico.<\/p>\n<p>El siniestro se suscit\u00f3 en la ciudad de Iskandariyah a 50 kil\u00f3metros de Bagdad en la capital de aquel pa\u00eds.<\/p>\n<p>Pese a que el Estado Isl\u00e1mico no se ha adjudicado la responsabilidad, cabe mencionar que ha estado haciendo una serie de ataques en los alrededores.<\/p>\n<p>A principios de la semana, otro atentado <strong>terrorista<\/strong> cobr\u00f3 la vida de m\u00e1s de 30 personas y 130 heridos en B\u00e9lgica.<\/p>\n<p><span style=\"color: #ff0000;\"><strong>VIDEO<\/strong>: Agenda de Tv de la Fecha FIFA<\/span><br \/>\n[video_player]https:\/\/player.vimeo.com\/external\/160014525.sd.mp4?s=f36ce07574ef9d81895a39e0efb20e96fec2def5&amp;profile_id=165[\/video_player]<\/p>\n","protected":false},"excerpt":{"rendered":"<p>El mundo sigue de luto<\/p>\n","protected":false},"author":20,"featured_media":383282,"comment_status":"closed","ping_status":"closed","sticky":false,"template":"","format":"standard","meta":[],"categories":[3839,5951],"tags":[2763,5807],"_links":{"self":[{"href":"http:\/\/desarrollo.grupomedios.com\/futbol\/wp-json\/wp\/v2\/posts\/383281"}],"collection":[{"href":"http:\/\/desarrollo.grupomedios.com\/futbol\/wp-json\/wp\/v2\/posts"}],"about":[{"href":"http:\/\/desarrollo.grupomedios.com\/futbol\/wp-json\/wp\/v2\/types\/post"}],"author":[{"embeddable":true,"href":"http:\/\/desarrollo.grupomedios.com\/futbol\/wp-json\/wp\/v2\/users\/20"}],"replies":[{"embeddable":true,"href":"http:\/\/desarrollo.grupomedios.com\/futbol\/wp-json\/wp\/v2\/comments?post=383281"}],"version-history":[{"count":0,"href":"http:\/\/desarrollo.grupomedios.com\/futbol\/wp-json\/wp\/v2\/posts\/383281\/revisions"}],"wp:featuredmedia":[{"embeddable":true,"href":"http:\/\/desarrollo.grupomedios.com\/futbol\/wp-json\/wp\/v2\/media\/383282"}],"wp:attachment":[{"href":"http:\/\/desarrollo.grupomedios.com\/futbol\/wp-json\/wp\/v2\/media?parent=383281"}],"wp:term":[{"taxonomy":"category","embeddable":true,"href":"http:\/\/desarrollo.grupomedios.com\/futbol\/wp-json\/wp\/v2\/categories?post=383281"},{"taxonomy":"post_tag","embeddable":true,"href":"http:\/\/desarrollo.grupomedios.com\/futbol\/wp-json\/wp\/v2\/tags?post=383281"}],"curies":[{"name":"wp","href":"https:\/\/api.w.org\/{rel}","templated":true}]}}