{"id":383338,"date":"2016-03-25T21:17:06","date_gmt":"2016-03-26T03:17:06","guid":{"rendered":"http:\/\/www.futboltotal.com.mx\/?p=383338"},"modified":"2016-03-25T21:18:26","modified_gmt":"2016-03-26T03:18:26","slug":"brasil-uruguay-reparten-puntos-en-conmebol","status":"publish","type":"post","link":"http:\/\/desarrollo.grupomedios.com\/futbol\/futbol-internacional\/brasil-uruguay-reparten-puntos-en-conmebol\/2016\/03","title":{"rendered":"Brasil y Uruguay reparten puntos en Conmebol"},"content":{"rendered":"<p>Las expectativas no quedaron cortas, pues <strong>Brasil<\/strong> y <strong>Uruguay<\/strong> dieron un duelo lleno de emociones, el cual termin\u00f3 2-2 en las Eliminatorias de la Conmebol, duelo donde tambi\u00e9n sirvi\u00f3 como regreso ya que <strong>Luis Su\u00e1rez<\/strong> volvi\u00f3 tras cumplir con su sanci\u00f3n y colabor\u00f3 con una anotaci\u00f3n.<\/p>\n<p>Desde el minuto 1, los gritos de felicidad estallaron en las gradas, porque Douglas Costa abri\u00f3 el marcador tras rematar el centro de Marcelo.<\/p>\n<p>El <em>Scratch<\/em> no desaprovech\u00f3 las facilidades de la defensa charr\u00faa y fue que Renato Augusto tom\u00f3 la pelota y se quit\u00f3 con una finta al portero Fernando Muslera para doblar la ventaja (26\u2019).<\/p>\n<p style=\"text-align: center;\"><span style=\"color: #3366ff;\"><strong><a style=\"color: #3366ff;\" href=\"http:\/\/www.futboltotal.com.mx\/futbol-internacional\/\" target=\"_blank\">LEER M\u00c1S: Toda la informaci\u00f3n del futbol internacional<\/a><\/strong><\/span><\/p>\n<p>Pese a que se esperaba una goleada, <strong>Brasil<\/strong> dej\u00f3 crecer a <strong>Uruguay<\/strong> que tampoco rechaz\u00f3 la \u201ccortes\u00eda\u201d y por la v\u00eda de Edinson Cavani acort\u00f3 distancia (31\u2019) antes del descanso.<\/p>\n<p>Ya para el complemento del cotejo, los charr\u00faas se mostraron con mayor peligrosidad misma que se capitaliz\u00f3 con el disparo del <em>Pistolero<\/em> Su\u00e1rez que igual\u00f3 el compromiso 2-2 (48\u2019). De esta forma, la <em>Celeste<\/em> se queda como subl\u00edder con\u00a010 puntos, seguido de <strong>Brasil<\/strong> con\u00a0ocho.<\/p>\n<p><iframe loading=\"lazy\" src=\"https:\/\/www.youtube.com\/embed\/R6Z-W3gkFiM\" frameborder=\"0\" allowfullscreen=\"allowfullscreen\"><\/iframe><\/p>\n","protected":false},"excerpt":{"rendered":"<p>Luis Su\u00e1rez anot\u00f3 en el empate 2-2 <\/p>\n","protected":false},"author":20,"featured_media":383339,"comment_status":"closed","ping_status":"closed","sticky":false,"template":"","format":"standard","meta":[],"categories":[3839,5951],"tags":[6009,1392,2763,503],"_links":{"self":[{"href":"http:\/\/desarrollo.grupomedios.com\/futbol\/wp-json\/wp\/v2\/posts\/383338"}],"collection":[{"href":"http:\/\/desarrollo.grupomedios.com\/futbol\/wp-json\/wp\/v2\/posts"}],"about":[{"href":"http:\/\/desarrollo.grupomedios.com\/futbol\/wp-json\/wp\/v2\/types\/post"}],"author":[{"embeddable":true,"href":"http:\/\/desarrollo.grupomedios.com\/futbol\/wp-json\/wp\/v2\/users\/20"}],"replies":[{"embeddable":true,"href":"http:\/\/desarrollo.grupomedios.com\/futbol\/wp-json\/wp\/v2\/comments?post=383338"}],"version-history":[{"count":0,"href":"http:\/\/desarrollo.grupomedios.com\/futbol\/wp-json\/wp\/v2\/posts\/383338\/revisions"}],"wp:featuredmedia":[{"embeddable":true,"href":"http:\/\/desarrollo.grupomedios.com\/futbol\/wp-json\/wp\/v2\/media\/383339"}],"wp:attachment":[{"href":"http:\/\/desarrollo.grupomedios.com\/futbol\/wp-json\/wp\/v2\/media?parent=383338"}],"wp:term":[{"taxonomy":"category","embeddable":true,"href":"http:\/\/desarrollo.grupomedios.com\/futbol\/wp-json\/wp\/v2\/categories?post=383338"},{"taxonomy":"post_tag","embeddable":true,"href":"http:\/\/desarrollo.grupomedios.com\/futbol\/wp-json\/wp\/v2\/tags?post=383338"}],"curies":[{"name":"wp","href":"https:\/\/api.w.org\/{rel}","templated":true}]}}