{"id":383385,"date":"2016-03-25T22:29:44","date_gmt":"2016-03-26T04:29:44","guid":{"rendered":"http:\/\/www.futboltotal.com.mx\/?p=383385"},"modified":"2016-03-25T22:29:44","modified_gmt":"2016-03-26T04:29:44","slug":"mexico-vence-a-canada-perfecto","status":"publish","type":"post","link":"http:\/\/desarrollo.grupomedios.com\/futbol\/destacado-home\/mexico-vence-a-canada-perfecto\/2016\/03","title":{"rendered":"M\u00e9xico vence a Canad\u00e1, pero no todo es perfecto"},"content":{"rendered":"<p><span style=\"color: #800000;\"><a style=\"color: #800000;\" href=\"http:\/\/www.futboltotal.com.mx\/2016\/03\/en-vivo-canada-vs-mexico-eliminatorias-concacaf\/\" target=\"_blank\"><strong>M\u00e9xico<\/strong> venci\u00f3 como visitante a <strong>Canad\u00e1<\/strong><\/a><\/span> y tiene pie y medio en el Hexagonal Final de la <strong>Concacaf<\/strong> rumbo a Rusia 2018. Hasta aqu\u00ed, todo suena normal e incluso prometedor, pero si algo le ha ense\u00f1ado la historia al Tri es a no caer en excesos de confianza, pues lo que sigue tal vez no sea tan sencillo.<\/p>\n<p>El 3-0 pone a todos a so\u00f1ar, de inmediato regresan los calificativos y frases comunes como &#8220;Gigante de la Concacaf&#8221;, &#8220;Se calificar\u00e1 caminando&#8221;, as\u00ed y otros dolorosos etc\u00e9teras.<\/p>\n<p>Por ello, tenemos estas seis interrogantes sobre qu\u00e9 podr\u00eda venir en el futuro cercano para el equipo dirigido por <strong>Juan Carlos Osorio<\/strong>.<\/p>\n<p>&nbsp;<\/p>\n<div class=\"mv-widget\" data-widget=\"poll\" data-id=\"UvOZHGkeTQNXK0CbQxgDfVxA6qE\" data-width=\"100%\" data-height=\"auto\"><\/div>\n<p><script src=\"\/\/d6launbk5pe1s.cloudfront.net\/widget.js\" async=\"\"><\/script><\/p>\n","protected":false},"excerpt":{"rendered":"<p>M\u00e9xico est\u00e1 pr\u00e1cticamente en el Hexagonal Final, pero&#8230;<\/p>\n","protected":false},"author":20,"featured_media":383386,"comment_status":"closed","ping_status":"closed","sticky":false,"template":"","format":"standard","meta":[],"categories":[5,3847],"tags":[282,6447,142,5979],"_links":{"self":[{"href":"http:\/\/desarrollo.grupomedios.com\/futbol\/wp-json\/wp\/v2\/posts\/383385"}],"collection":[{"href":"http:\/\/desarrollo.grupomedios.com\/futbol\/wp-json\/wp\/v2\/posts"}],"about":[{"href":"http:\/\/desarrollo.grupomedios.com\/futbol\/wp-json\/wp\/v2\/types\/post"}],"author":[{"embeddable":true,"href":"http:\/\/desarrollo.grupomedios.com\/futbol\/wp-json\/wp\/v2\/users\/20"}],"replies":[{"embeddable":true,"href":"http:\/\/desarrollo.grupomedios.com\/futbol\/wp-json\/wp\/v2\/comments?post=383385"}],"version-history":[{"count":0,"href":"http:\/\/desarrollo.grupomedios.com\/futbol\/wp-json\/wp\/v2\/posts\/383385\/revisions"}],"wp:featuredmedia":[{"embeddable":true,"href":"http:\/\/desarrollo.grupomedios.com\/futbol\/wp-json\/wp\/v2\/media\/383386"}],"wp:attachment":[{"href":"http:\/\/desarrollo.grupomedios.com\/futbol\/wp-json\/wp\/v2\/media?parent=383385"}],"wp:term":[{"taxonomy":"category","embeddable":true,"href":"http:\/\/desarrollo.grupomedios.com\/futbol\/wp-json\/wp\/v2\/categories?post=383385"},{"taxonomy":"post_tag","embeddable":true,"href":"http:\/\/desarrollo.grupomedios.com\/futbol\/wp-json\/wp\/v2\/tags?post=383385"}],"curies":[{"name":"wp","href":"https:\/\/api.w.org\/{rel}","templated":true}]}}