{"id":383533,"date":"2016-03-28T12:00:54","date_gmt":"2016-03-28T18:00:54","guid":{"rendered":"http:\/\/www.futboltotal.com.mx\/?p=383533"},"modified":"2016-03-28T12:30:28","modified_gmt":"2016-03-28T18:30:28","slug":"en-vivo-mexico-vs-portugal","status":"publish","type":"post","link":"http:\/\/desarrollo.grupomedios.com\/futbol\/futbol-mexicano\/en-vivo-mexico-vs-portugal\/2016\/03","title":{"rendered":"ASI SE VIVI\u00d3 | Portugal 4-0 M\u00e9xico"},"content":{"rendered":"<p><span style=\"color: #ff0000;\">90:00<\/span> +2 \u00a1Se termina el partido! Desastroso examen del <em>Tri<\/em> ol\u00edmpico.<\/p>\n<p><span style=\"color: #ff0000;\">90:00<\/span> Ya se juega tiempo de compensaci\u00f3n.<\/p>\n<p><span style=\"color: #ff0000;\">89:50<\/span> Buena atajada de Gudi\u00f1o, quien manda a tiro de esquina potente disparo de Horta.<\/p>\n<p><span style=\"color: #ff0000;\">88:00<\/span> <strong>Portugal<\/strong> no afloja. <strong>M\u00e9xico<\/strong> sufre.<\/p>\n<p><span style=\"color: #ff0000;\">82:00<\/span> No se encuentra el equipo <em>azteca<\/em> dentro del campo. Sin idea y escas\u00edsima actitud.<\/p>\n<p><span style=\"color: #ff0000;\">80:33<\/span> Tibia llegada de <strong>M\u00e9xico<\/strong>, que termina con disparo flojo y desviado de \u00c1ngel Zald\u00edvar.<\/p>\n<p><span style=\"color: #ff0000;\">78:00<\/span> Dolorosa derrota sufre <strong>M\u00e9xico<\/strong>, en su preparaci\u00f3n rumbo a los Juegos Ol\u00edmpicos de R\u00edo 2016.<\/p>\n<blockquote class=\"twitter-tweet\" data-lang=\"es\">\n<p lang=\"es\" dir=\"ltr\"><a href=\"https:\/\/twitter.com\/hashtag\/Sub23?src=hash\">#Sub23<\/a><a href=\"https:\/\/twitter.com\/hashtag\/M%C3%A9xico?src=hash\">#M\u00e9xico<\/a> 0-4 <a href=\"https:\/\/twitter.com\/hashtag\/Portugal?src=hash\">#Portugal<\/a><\/p>\n<p>Min: 74<br \/>\u00a1Gol de Portugal! Horta define, de penal, el cuarto de los locales<br \/> <a href=\"https:\/\/t.co\/blAj1TzcRU\">https:\/\/t.co\/blAj1TzcRU<\/a><\/p>\n<p>&mdash; futaztecadeportes (@futaztecadep) <a href=\"https:\/\/twitter.com\/futaztecadep\/status\/714510803676700672\">28 de marzo de 2016<\/a><\/p><\/blockquote>\n<p> <script async src=\"\/\/platform.twitter.com\/widgets.js\" charset=\"utf-8\"><\/script><\/p>\n<p><span style=\"color: #ff0000;\">73:45<\/span> Gol de <strong>Portugal<\/strong>. Ricardo Horta convirti\u00f3 el penal.<\/p>\n<p><span style=\"color: #ff0000;\">73:00<\/span> Penal a favor de <strong>Portugal<\/strong>. Forcejeo entre el <em>Pollo<\/em> Brise\u00f1o y Gelson Martins, el \u00e1rbitro marca presunta falta del mexicano.<\/p>\n<p><span style=\"color: #ff0000;\">71:00<\/span> <strong>Portugal<\/strong>, sin desplegar un futbol brillante, mantiene el control del partido.<\/p>\n<p><span style=\"color: #ff0000;\">64:30<\/span> CAMBIO de <strong>M\u00e9xico<\/strong>: sale Alfonso Gonz\u00e1lez, entra \u00c1ngel Zald\u00edvar.<\/p>\n<p><span style=\"color: #ff0000;\">63:20<\/span> Nueva jugada a bal\u00f3n parado a favor de <strong>Portugal<\/strong>. Gudi\u00f1o resuelve sin problemas.<\/p>\n<p><span style=\"color: #ff0000;\">57:00<\/span> <em>Ponchito<\/em> Gonz\u00e1lez falla. Se encuentra con el bal\u00f3n dentro del \u00e1rea, pero su remate sali\u00f3 desviado.<\/p>\n<p><span style=\"color: #ff0000;\">49:00<\/span>\u00a0\u00a1Terrible! Nuevo error de <strong>M\u00e9xico<\/strong>. Vuelven a fallar en la salida y <strong>Portugal<\/strong> logra el tercer gol, obra de Gelson Martins.<\/p>\n<blockquote class=\"twitter-tweet\" data-lang=\"es\">\n<p lang=\"es\" dir=\"ltr\"><a href=\"https:\/\/twitter.com\/hashtag\/Sub23?src=hash\">#Sub23<\/a><a href=\"https:\/\/twitter.com\/hashtag\/M%C3%A9xico?src=hash\">#M\u00e9xico<\/a> 0-3 <a href=\"https:\/\/twitter.com\/hashtag\/Portugal?src=hash\">#Portugal<\/a><\/p>\n<p>Min: 49<br \/>Error de la zaga mexicana, que aprovecha Gelson Martins <a href=\"https:\/\/t.co\/hilHWBqfvS\">https:\/\/t.co\/hilHWBqfvS<\/a><\/p>\n<p>&mdash; futaztecadeportes (@futaztecadep) <a href=\"https:\/\/twitter.com\/futaztecadep\/status\/714504798570086400\">28 de marzo de 2016<\/a><\/p><\/blockquote>\n<p> <script async src=\"\/\/platform.twitter.com\/widgets.js\" charset=\"utf-8\"><\/script><\/p>\n<p><span style=\"color: #ff0000;\">49:00<\/span>\u00a0Gol de <strong>Portugal<\/strong>.<\/p>\n<p><span style=\"color: #ff0000;\">45:00<\/span>\u00a0CAMBIO de <strong>M\u00e9xico<\/strong>. Par de ajustes hace el <em>Potro<\/em> Guti\u00e9rrez: entran Jonathan Espericueta y Hedgardo Mar\u00edn, salen Erick Aguirre y Carlos Salcedo.<\/p>\n<p><span style=\"color: #ff0000;\">45:00<\/span>\u00a0Arranca el segundo tiempo&#8230;<\/p>\n<p><span style=\"color: #ff0000;\">45:00<\/span>\u00a0Triste primer tiempo del <em>Tri<\/em> ol\u00edmpico. Sin idea y con escasa actitud. Tibia postura de <strong>M\u00e9xico<\/strong> ante <strong>Portugal<\/strong>, que gana el partido sin complicaciones.<\/p>\n<p><a href=\"http:\/\/www.futboltotal.com.mx\/2016\/03\/en-vivo-mexico-vs-portugal\/en-vivo-portugal-mexico\/\" rel=\"attachment wp-att-383591\"><img decoding=\"async\" loading=\"lazy\" src=\"http:\/\/www.futboltotal.com.mx\/wp-content\/uploads\/2016\/03\/EN-VIVO-Portugal-Mexico.jpg\" alt=\"EN-VIVO-Portugal-Mexico\" class=\"aligncenter size-full wp-image-383591\" srcset=\"http:\/\/desarrollo.grupomedios.com\/futbol\/wp-content\/uploads\/2016\/03\/EN-VIVO-Portugal-Mexico.jpg 1100w, http:\/\/desarrollo.grupomedios.com\/futbol\/wp-content\/uploads\/2016\/03\/EN-VIVO-Portugal-Mexico-300x151.jpg 300w, http:\/\/desarrollo.grupomedios.com\/futbol\/wp-content\/uploads\/2016\/03\/EN-VIVO-Portugal-Mexico-768x386.jpg 768w, http:\/\/desarrollo.grupomedios.com\/futbol\/wp-content\/uploads\/2016\/03\/EN-VIVO-Portugal-Mexico-1024x515.jpg 1024w\" sizes=\"(max-width: 1100px) 100vw, 1100px\" \/><\/a><\/p>\n<p><span style=\"color: #ff0000;\">45:00<\/span>\u00a0Termina el primer tiempo.<\/p>\n<p><span style=\"color: #ff0000;\">42:50<\/span>\u00a0Marco Bueno remata a porter\u00eda, pero su disparo sale sin fuerza y a las manos del portero <em>lusitano<\/em>.<\/p>\n<p><span style=\"color: #ff0000;\">36:50<\/span>\u00a0Terrible marca y p\u00e9sima reacci\u00f3n de los mexicanos dentro del \u00e1rea. Y ante ello, los portugueses logran el segundo tanto.<\/p>\n<blockquote class=\"twitter-tweet\" data-lang=\"es\">\n<p lang=\"es\" dir=\"ltr\"><a href=\"https:\/\/twitter.com\/hashtag\/Sub23?src=hash\">#Sub23<\/a><a href=\"https:\/\/twitter.com\/hashtag\/M%C3%A9xico?src=hash\">#M\u00e9xico<\/a> 0-2 <a href=\"https:\/\/twitter.com\/hashtag\/Portugal?src=hash\">#Portugal<\/a><\/p>\n<p>Min: 37<br \/>\u00a1Gol de Portugal! Neves toma un rebote en el palo y manda el bal\u00f3n al fondo <a href=\"https:\/\/t.co\/chrfdNe0jn\">https:\/\/t.co\/chrfdNe0jn<\/a><\/p>\n<p>&mdash; futaztecadeportes (@futaztecadep) <a href=\"https:\/\/twitter.com\/futaztecadep\/status\/714496551431725057\">28 de marzo de 2016<\/a><\/p><\/blockquote>\n<p> <script async src=\"\/\/platform.twitter.com\/widgets.js\" charset=\"utf-8\"><\/script><\/p>\n<p><span style=\"color: #ff0000;\">36:50<\/span>\u00a0Gol de <strong>Portugal<\/strong>.<\/p>\n<p><span style=\"color: #ff0000;\">35:25<\/span> Servicio largo para Fierro, quien no alcanza a controlar el esf\u00e9rico.<\/p>\n<p><span style=\"color: #ff0000;\">32:50<\/span> Disparo de larga distancia de R\u00faben Semedo que sale desviado.<\/p>\n<p><span style=\"color: #ff0000;\">28:25<\/span>\u00a0Nueva llegada de peligro de Portugal. Jugada colectiva que termina con remate a porter\u00eda que se va ligeramente desviado.<\/p>\n<p><span style=\"color: #ff0000;\">24:00<\/span>\u00a0<strong>M\u00e9xico<\/strong> no logra imponer su estilo debido a la destacada presi\u00f3n que hace en toda la cancha de <strong>Portugal<\/strong>.<\/p>\n<p><span style=\"color: #ff0000;\">20:00<\/span>\u00a0Iuri Medeiros cobr\u00f3 una infracci\u00f3n en los linderos del \u00e1rea y muy atento Ra\u00fal Gudi\u00f1o sali\u00f3 cortar.<\/p>\n<p><span style=\"color: #ff0000;\">16:30<\/span>\u00a0Par de llegadas de peligro de <strong>Portugal<\/strong>.<\/p>\n<p><span style=\"color: #ff0000;\">11:42<\/span>\u00a0Terrible error de\u00a0M\u00e9xico. Carlos Salcedo regresa el bal\u00f3n a Ra\u00fal Gudi\u00f1o sin fuerza ni idea,\u00a0Diogo Jota roba el esf\u00e9rico y vence al portero <em>azteca<\/em>\u00a0para abrir el marcador.<\/p>\n<blockquote class=\"twitter-tweet\" data-lang=\"es\">\n<p lang=\"es\" dir=\"ltr\"><a href=\"https:\/\/twitter.com\/hashtag\/Sub23?src=hash\">#Sub23<\/a><a href=\"https:\/\/twitter.com\/hashtag\/M%C3%A9xico?src=hash\">#M\u00e9xico<\/a> 0-1 <a href=\"https:\/\/twitter.com\/hashtag\/Portugal?src=hash\">#Portugal<\/a><\/p>\n<p>Min: 11<br \/>\u00a1Gol de Portugal! Jota aprovecha un error de Salcedo y anota el primero <a href=\"https:\/\/t.co\/Jugx6JoubT\">https:\/\/t.co\/Jugx6JoubT<\/a><\/p>\n<p>&mdash; Azteca Deportes (@AztecaDeportes) <a href=\"https:\/\/twitter.com\/AztecaDeportes\/status\/714490274420891652\">28 de marzo de 2016<\/a><\/p><\/blockquote>\n<p> <script async src=\"\/\/platform.twitter.com\/widgets.js\" charset=\"utf-8\"><\/script><\/p>\n<p><span style=\"color: #ff0000;\">11:42<\/span>\u00a0Gol de <strong>Portugal<\/strong>.<\/p>\n<p><span style=\"color: #ff0000;\">10:30<\/span>\u00a0Ninguno de los equipo logra adue\u00f1arse completamente del bal\u00f3n. <strong>Portugal<\/strong>, ligeramente mejor que <strong>M\u00e9xico<\/strong> en\u00a0los primeros minutos del partido.<\/p>\n<p><span style=\"color: #ff0000;\">06:30<\/span>\u00a0Primer arribo del <em>Tri<\/em> ol\u00edmpico al \u00e1rea enemiga. Tibia llegada que carece de peligro.<\/p>\n<p><span style=\"color: #ff0000;\">04:00<\/span>\u00a0Complejo arranque del <em>Tri<\/em>.\u00a0En tres\u00a0jugadas a bal\u00f3n parado, <strong>Portugal<\/strong> ha llevado peligro al \u00e1rea <em>azteca<\/em>.<\/p>\n<p><span style=\"color: #ff0000;\">00:00<\/span> \u00a1Arranca el partido!<\/p>\n<p><span style=\"color: #ff0000;\">00:00<\/span>\u00a0Ajuste de \u00faltimo minuto. Sale de alineaci\u00f3n titular \u00c1ngel Zald\u00edvar, toma su lugar Carlos Fierro.<\/p>\n<p>Alineaci\u00f3n <strong>M\u00e9xico<\/strong>:\u00a0Gudi\u00f1o, Brise\u00f1o, Salcedo, Mar\u00edn, Aguirre, Guti\u00e9rrez, Guzm\u00e1n, \u00c1lvarez, Gonz\u00e1lez, Fierro\u00a0y\u00a0Bueno.<\/p>\n<p>Alineaci\u00f3n <strong>Portugal<\/strong>: S\u00e1, Semedo, Ilori, I\u00e9, Esgaio, Neves, Ramos, Fernandes, Pereira, Madeiros y Jota.<\/p>\n<p>Con el objetivo de mejorar sustancialmente\u00a0su desempe\u00f1o, la <strong>selecci\u00f3n de M\u00e9xico Sub-23<\/strong> sostendr\u00e1 este lunes su segundo examen por Europa, cuando mida fuerzas en\u00a0<strong>Portugal<\/strong>\u00a0contra el\u00a0combinado <em>lusitano<\/em>.<\/p>\n<p>La cancha del complejo deportivo Juan Pablo II\u00a0ser\u00e1 el sitio donde estos equipos, ambos calificados a los Juegos Ol\u00edmpicos R\u00edo 2016, se enfrenten a las 10:15\u00a0horas (TCM).<\/p>\n<p>Una mala imagen fue la que dej\u00f3 el <em>Tri<\/em> ol\u00edmpico ante Jap\u00f3n, sobre todo en el primer tiempo, en el que estuvieron lejos de ofrecer un nivel \u00f3ptimo.\u00a0<a href=\"http:\/\/www.futboltotal.com.mx\/2016\/03\/tri-sub-23-pierde-frente-a-japon\/\" target=\"_blank\">El cuadro <em>azteca<\/em> demostr\u00f3 total falta de integraci\u00f3n,\u00a0lo que provoc\u00f3 que los <em>nipones<\/em>\u00a0se alzaran con el triunfo (2-1)<\/a>.<\/p>\n<p style=\"text-align: center;\"><span style=\"color: #3366ff;\"><strong><a style=\"color: #3366ff;\" href=\"http:\/\/www.futboltotal.com.mx\/2016\/03\/portal-holandes-coloca-a-hirving-lozano-en-porto\/\">LEER M\u00c1S: Cinco clubes europeos buscan a Hirving Lozano<\/a><\/strong><\/span><\/p>\n<p>M\u00e1s all\u00e1 de las ausencias de Hirving Lozano, Orbel\u00edn Pineda y Rodolfo Pizarro, la <strong>selecci\u00f3n de M\u00e9xico Sub-23<\/strong> tiene la capacidad para ofrecer un desempe\u00f1o m\u00e1s importante, algo que debe demostrar en este duelo.<\/p>\n<p>En tanto, <strong>Portugal<\/strong> tomar\u00e1 con total seriedad este duelo, el primero de preparaci\u00f3n para disputar los Juegos Ol\u00edmpicos R\u00edo 2016, donde <strong>M\u00e9xico<\/strong> buscar\u00e1 refrendar la medalla de oro que conquist\u00f3 en Londres 2012, al derrotar en la Final al representativo de Brasil.<\/p>\n","protected":false},"excerpt":{"rendered":"<p>Desastroso segundo examen del Tri ol\u00edmpico por Europa<\/p>\n","protected":false},"author":20,"featured_media":383535,"comment_status":"closed","ping_status":"closed","sticky":false,"template":"","format":"standard","meta":[],"categories":[2198,3847],"tags":[5979,2377],"_links":{"self":[{"href":"http:\/\/desarrollo.grupomedios.com\/futbol\/wp-json\/wp\/v2\/posts\/383533"}],"collection":[{"href":"http:\/\/desarrollo.grupomedios.com\/futbol\/wp-json\/wp\/v2\/posts"}],"about":[{"href":"http:\/\/desarrollo.grupomedios.com\/futbol\/wp-json\/wp\/v2\/types\/post"}],"author":[{"embeddable":true,"href":"http:\/\/desarrollo.grupomedios.com\/futbol\/wp-json\/wp\/v2\/users\/20"}],"replies":[{"embeddable":true,"href":"http:\/\/desarrollo.grupomedios.com\/futbol\/wp-json\/wp\/v2\/comments?post=383533"}],"version-history":[{"count":0,"href":"http:\/\/desarrollo.grupomedios.com\/futbol\/wp-json\/wp\/v2\/posts\/383533\/revisions"}],"wp:featuredmedia":[{"embeddable":true,"href":"http:\/\/desarrollo.grupomedios.com\/futbol\/wp-json\/wp\/v2\/media\/383535"}],"wp:attachment":[{"href":"http:\/\/desarrollo.grupomedios.com\/futbol\/wp-json\/wp\/v2\/media?parent=383533"}],"wp:term":[{"taxonomy":"category","embeddable":true,"href":"http:\/\/desarrollo.grupomedios.com\/futbol\/wp-json\/wp\/v2\/categories?post=383533"},{"taxonomy":"post_tag","embeddable":true,"href":"http:\/\/desarrollo.grupomedios.com\/futbol\/wp-json\/wp\/v2\/tags?post=383533"}],"curies":[{"name":"wp","href":"https:\/\/api.w.org\/{rel}","templated":true}]}}