{"id":383684,"date":"2016-03-28T16:57:32","date_gmt":"2016-03-28T22:57:32","guid":{"rendered":"http:\/\/www.futboltotal.com.mx\/?p=383684"},"modified":"2016-03-28T16:57:32","modified_gmt":"2016-03-28T22:57:32","slug":"huntelaar-fracturo-a-jasper-cillessen","status":"publish","type":"post","link":"http:\/\/desarrollo.grupomedios.com\/futbol\/videos\/huntelaar-fracturo-a-jasper-cillessen\/2016\/03","title":{"rendered":"Huntelaar fractura la nariz de Cillessen"},"content":{"rendered":"<p>Un d\u00eda antes del partido amistoso que disputar\u00e1n ante Inglaterra, el portero de la selecci\u00f3n holandesa, <strong>Jasper Cillessen<\/strong> sufri\u00f3 una fractura de nariz durante el entrenamiento de este lunes. El arquero se lesion\u00f3 en el intent\u00f3 por impedir que su compa\u00f1ero <strong>Jan Klass Huntelaar<\/strong> rematara dentro del \u00e1rea. En el encontronazo, <strong>Huntelaar <\/strong>pate\u00f3 accidentalmente el rostro de Cillessen ocasion\u00e1ndole una fractura en la nariz. A consecuencia, el arquero no podr\u00e1 participar en el partido de este martes, en Wembley.<br \/>\n<iframe loading=\"lazy\" src=\"https:\/\/www.youtube.com\/embed\/KKb1zwtO4xI\" frameborder=\"0\" allowfullscreen=\"allowfullscreen\"><\/iframe><\/p>\n","protected":false},"excerpt":{"rendered":"<p>El portero de holanda no podr\u00e1 jugar el amistoso ante Inglaterra de este martes<\/p>\n","protected":false},"author":20,"featured_media":383689,"comment_status":"closed","ping_status":"closed","sticky":false,"template":"","format":"standard","meta":[],"categories":[3839,4],"tags":[6024,6934,6933],"_links":{"self":[{"href":"http:\/\/desarrollo.grupomedios.com\/futbol\/wp-json\/wp\/v2\/posts\/383684"}],"collection":[{"href":"http:\/\/desarrollo.grupomedios.com\/futbol\/wp-json\/wp\/v2\/posts"}],"about":[{"href":"http:\/\/desarrollo.grupomedios.com\/futbol\/wp-json\/wp\/v2\/types\/post"}],"author":[{"embeddable":true,"href":"http:\/\/desarrollo.grupomedios.com\/futbol\/wp-json\/wp\/v2\/users\/20"}],"replies":[{"embeddable":true,"href":"http:\/\/desarrollo.grupomedios.com\/futbol\/wp-json\/wp\/v2\/comments?post=383684"}],"version-history":[{"count":0,"href":"http:\/\/desarrollo.grupomedios.com\/futbol\/wp-json\/wp\/v2\/posts\/383684\/revisions"}],"wp:featuredmedia":[{"embeddable":true,"href":"http:\/\/desarrollo.grupomedios.com\/futbol\/wp-json\/wp\/v2\/media\/383689"}],"wp:attachment":[{"href":"http:\/\/desarrollo.grupomedios.com\/futbol\/wp-json\/wp\/v2\/media?parent=383684"}],"wp:term":[{"taxonomy":"category","embeddable":true,"href":"http:\/\/desarrollo.grupomedios.com\/futbol\/wp-json\/wp\/v2\/categories?post=383684"},{"taxonomy":"post_tag","embeddable":true,"href":"http:\/\/desarrollo.grupomedios.com\/futbol\/wp-json\/wp\/v2\/tags?post=383684"}],"curies":[{"name":"wp","href":"https:\/\/api.w.org\/{rel}","templated":true}]}}