{"id":383763,"date":"2016-03-29T08:33:59","date_gmt":"2016-03-29T14:33:59","guid":{"rendered":"http:\/\/www.futboltotal.com.mx\/?p=383763"},"modified":"2016-03-29T08:37:31","modified_gmt":"2016-03-29T14:37:31","slug":"iker-casillas-esta-a-ano-menos-jugar-espana","status":"publish","type":"post","link":"http:\/\/desarrollo.grupomedios.com\/futbol\/futbol-internacional\/iker-casillas-esta-a-ano-menos-jugar-espana\/2016\/03","title":{"rendered":"Iker Casillas, \u00bfse despide de la Selecci\u00f3n?"},"content":{"rendered":"<p>El \u00faltimo viaje de <strong>Iker Casillas<\/strong> con la selecci\u00f3n de <strong>Espa\u00f1a,<\/strong> dirigida por Vicente del Bosque, dej\u00f3 en claro que poco a poco va perdiendo su estela de indiscutible. Y es que el paso del tiempo ha hecho de las suyas con el M\u00f3stoles, situaci\u00f3n por la cual ya piensa en el retiro y lo hace con una confianza sin igual por sus \u00e9xitos representando a su pa\u00eds, argumentando que se ha ganado el derecho a retirarse cuando el lo crea m\u00e1s conveniente.<\/p>\n<p>&#8220;Seguramente llegar\u00e1 un momento en el que tenga que tomar una decisi\u00f3n, pero ni me van a echar cuatro periodistas, ni cuatro opiniones&#8221;, declar\u00f3 en su asistencia al programa <em>El Larguero<\/em>.\u00a0&#8220;Puede que no me quede ni un a\u00f1o en la Selecci\u00f3n&#8221;.<\/p>\n<p><strong>Iker Casillas<\/strong> no tiene claro cuando se va a retirar pero s\u00ed se siente consciente de su importancia en los logros de Espa\u00f1a en los \u00faltimos tiempos. &#8220;Me he ganado el derecho a esto y, por lo tanto, lo har\u00e9 as\u00ed. El futbol no puede echarme a m\u00ed. Me voy a ir yo con la conciencia muy tranquila de haber hecho lo que creo mejor que he podido hacer, ser portero&#8221;.<\/p>\n<p style=\"text-align: center;\"><strong><span style=\"color: #3366ff;\"><a style=\"color: #3366ff;\" href=\"http:\/\/www.futboltotal.com.mx\/2016\/03\/inglaterra-sufre-baja-la-eurocopa\/\">LEER M\u00c1S: Portero de Inglaterra dice adi\u00f3s a la Eurocopa<\/a><\/span><\/strong><\/p>\n<p><strong>Iker Casillas<\/strong> resalt\u00f3 que gracias a su enorme experiencia con el combinado de su pa\u00eds, las cr\u00edticas ya no le pegan tanto como diez a\u00f1os atr\u00e1s.<\/p>\n<p>&#8220;S\u00ed, cuando voy a la Selecci\u00f3n desconecto, voy de otra manera, pertenezco ahora a otro club y est\u00e1 claro que mi cabeza ha ido cambiando, piensa que son 25 a\u00f1os en el mismo club, 16 en el primer equipo. La verdad es que se me hace raro, pero por suerte he ido poco a poco asimilando mi situaci\u00f3n&#8221;.<\/p>\n<p>El guardameta del Porto no sabe si ser\u00e1 titular en la Eurocopa, ni siquiera si ser\u00e1 convocado, lo que tiene claro es que Espa\u00f1a tiene un portero que brindar\u00e1 muchos a\u00f1os de calidad en el marco: <strong>David de Gea<\/strong>.<\/p>\n<p>&#8220;Es el presente y el futuro del f\u00fatbol. Estamos todos tranquilos porque vamos a dejar en buenas manos un lugar importante dentro de la selecci\u00f3n&#8221;, enfatiz\u00f3 el dos veces campe\u00f3n de la Eurocopa (2008 y 2012) y campe\u00f3n del \u00a0mundo (2010).<\/p>\n","protected":false},"excerpt":{"rendered":"<p>Iker no se siente con las mismas aptitudes para estar con la Roja<\/p>\n","protected":false},"author":20,"featured_media":383765,"comment_status":"closed","ping_status":"closed","sticky":false,"template":"","format":"standard","meta":[],"categories":[3839,5951],"tags":[6072,253,6019,1208],"_links":{"self":[{"href":"http:\/\/desarrollo.grupomedios.com\/futbol\/wp-json\/wp\/v2\/posts\/383763"}],"collection":[{"href":"http:\/\/desarrollo.grupomedios.com\/futbol\/wp-json\/wp\/v2\/posts"}],"about":[{"href":"http:\/\/desarrollo.grupomedios.com\/futbol\/wp-json\/wp\/v2\/types\/post"}],"author":[{"embeddable":true,"href":"http:\/\/desarrollo.grupomedios.com\/futbol\/wp-json\/wp\/v2\/users\/20"}],"replies":[{"embeddable":true,"href":"http:\/\/desarrollo.grupomedios.com\/futbol\/wp-json\/wp\/v2\/comments?post=383763"}],"version-history":[{"count":0,"href":"http:\/\/desarrollo.grupomedios.com\/futbol\/wp-json\/wp\/v2\/posts\/383763\/revisions"}],"wp:featuredmedia":[{"embeddable":true,"href":"http:\/\/desarrollo.grupomedios.com\/futbol\/wp-json\/wp\/v2\/media\/383765"}],"wp:attachment":[{"href":"http:\/\/desarrollo.grupomedios.com\/futbol\/wp-json\/wp\/v2\/media?parent=383763"}],"wp:term":[{"taxonomy":"category","embeddable":true,"href":"http:\/\/desarrollo.grupomedios.com\/futbol\/wp-json\/wp\/v2\/categories?post=383763"},{"taxonomy":"post_tag","embeddable":true,"href":"http:\/\/desarrollo.grupomedios.com\/futbol\/wp-json\/wp\/v2\/tags?post=383763"}],"curies":[{"name":"wp","href":"https:\/\/api.w.org\/{rel}","templated":true}]}}