{"id":383784,"date":"2016-03-29T11:39:07","date_gmt":"2016-03-29T17:39:07","guid":{"rendered":"http:\/\/www.futboltotal.com.mx\/?p=383784"},"modified":"2016-05-02T14:24:15","modified_gmt":"2016-05-02T20:24:15","slug":"cracks-menores-20-anos-debes-seguir-en-la-eurocopa","status":"publish","type":"post","link":"http:\/\/desarrollo.grupomedios.com\/futbol\/destacado-home\/cracks-menores-20-anos-debes-seguir-en-la-eurocopa\/2016\/03","title":{"rendered":"Cracks de 20 a\u00f1os o menos a seguir en la Eurocopa"},"content":{"rendered":"<p><span style=\"color: #000000;\">A 73 d\u00edas de que se ponga en marcha la competencia continental m\u00e1s prestigiosa a nivel selecciones en Europa,\u00a0\u00a0<strong>Futbol Total<\/strong> te presenta un compendio de futbolistas nacidos en 1996 o en fechas m\u00e1s recientes\u00a0que\u00a0integrar\u00e1n sus selecciones, ya sea como indiscutibles en el once de gala o como alternativas brillantes para experimentar rotaciones. Su presente ya es brillante y su futuro se percibe alucinante: ellos son los<strong> cracks de 20 a\u00f1os o menos a seguir en la Eurocopa<\/strong>.<\/span><\/p>\n<p style=\"text-align: center;\"><strong><span style=\"color: #3366ff;\"><a style=\"color: #3366ff;\" href=\"http:\/\/www.futboltotal.com.mx\/2016\/03\/iker-casillas-esta-a-ano-menos-jugar-espana\/\">LEER M\u00c1S: Iker Casillas, \u00bfse despide de la selecci\u00f3n?<\/a><\/span><\/strong><\/p>\n<p><span style=\"color: #ff0000;\"><strong>Renato Sanches | <\/strong><span style=\"color: #000000;\">El poderoso mediocampista del Benfica es uno de los m\u00e1ximos exponentes en la Liga NOS. La presente fecha FIFA fue el escenario perfecto para que el joven de 18 a\u00f1os debutara con la selecci\u00f3n de Portugal. El escenario no fue el m\u00e1s adecuado, dado que Renato ingres\u00f3 al minuto 75 en la derrota del viernes anterior ante Bulgaria (0-1). <\/span><\/span><\/p>\n<p><span style=\"color: #ff0000;\"><span style=\"color: #000000;\">Su presencia en la Eurocopa 2016 es una situaci\u00f3n que exigen los medios en tierras lusitanas por su fant\u00e1stico estado de forma.\u00a0\u00a0Su t\u00e9cnico con Benfica, Rui Vit\u00f3ria, le ha tildado como &#8220;un jugador salvaje&#8221; que colma las necesidad de cualquier t\u00e9cnico y el estratega del combinado Das Quinas, Fernado Santos, espera que muestre las mismas condiciones que con su club.<\/span><\/span><\/p>\n<p><span style=\"color: #ff0000;\"><span style=\"color: #000000;\">&#8220;Vamos a ver c\u00f3mo est\u00e1 con nosotros. Una cosa son las observaciones que hacemos en el campo y otra las observaciones diarias. Hay que ver tambi\u00e9n c\u00f3mo se adapta al grupo&#8221;, apreci\u00f3\u00a0el estratega que incluy\u00f3 a Renato ante las ausencias de Joao Moutinho y Tiago, en un mediocampo luso colmado de futbolistas de condiciones defensivas, con William Carvalho, Andr\u00e9 Andr\u00e9, Danilo y Miguel Veloso optando por quedarse con uno de los lugares.\u00a0<\/span><\/span><\/p>\n<p><span style=\"color: #ff0000;\"><a href=\"http:\/\/www.futboltotal.com.mx\/wp-content\/uploads\/2016\/03\/Renato-Sanches-Cracks-menores-de-20-a\u00f1os-a-seguir-en-la-Eurocopa.jpg\" rel=\"attachment wp-att-383795\"><img decoding=\"async\" loading=\"lazy\" class=\"alignnone size-full wp-image-383795\" src=\"http:\/\/www.futboltotal.com.mx\/wp-content\/uploads\/2016\/03\/Renato-Sanches-Cracks-menores-de-20-a\u00f1os-a-seguir-en-la-Eurocopa.jpg\" alt=\"Renato Sanches- Cracks menores de 20 a\u00f1os a seguir en la Eurocopa\" srcset=\"http:\/\/desarrollo.grupomedios.com\/futbol\/wp-content\/uploads\/2016\/03\/Renato-Sanches-Cracks-menores-de-20-a\u00f1os-a-seguir-en-la-Eurocopa.jpg 820w, http:\/\/desarrollo.grupomedios.com\/futbol\/wp-content\/uploads\/2016\/03\/Renato-Sanches-Cracks-menores-de-20-a\u00f1os-a-seguir-en-la-Eurocopa-300x146.jpg 300w, http:\/\/desarrollo.grupomedios.com\/futbol\/wp-content\/uploads\/2016\/03\/Renato-Sanches-Cracks-menores-de-20-a\u00f1os-a-seguir-en-la-Eurocopa-768x375.jpg 768w\" sizes=\"(max-width: 820px) 100vw, 820px\" \/><\/a><\/span><\/p>\n<p><span style=\"color: #ff0000;\"><strong>Alen Halilovic | <\/strong><span style=\"color: #000000;\">La perla croata no tiene un lugar asegurado en el once ideal del t\u00e9cnico\u00a0Ante \u010ca\u010di\u0107, pero un lugar en la lista de 23 convocados es inminente. Se fue de Barcelona (cedido) al Sporting de Gij\u00f3n para consolidarse en la Liga Espa\u00f1ola y ha ganado los minutos que tanto ansiaba.<\/span><\/span><\/p>\n<p><span style=\"color: #000000;\">&#8220;En estos momentos estar aqu\u00ed es lo mejor para m\u00ed. Estoy muy feliz y muy contento en el Sporting y en Gij\u00f3n. Me gusta mucho el club, el entrenador\u2026Tengo 19 a\u00f1os y la verdad es que era la mejor opci\u00f3n para esta temporada&#8221;, se\u00f1ala Halilovic, que<\/span><span style=\"color: #000000;\">\u00a0demuestra a cada partido su enorme visi\u00f3n de juego y pinceladas de artista, en especial con sus gambetas y fintas.\u00a0<\/span><\/p>\n<p><span style=\"color: #000000;\">Debut\u00f3 a los 16 a\u00f1os y 11 meses con el combinado mayor balc\u00e1nico y fue parte del amistoso ante Israel celebrado la semana anterior, duelo en el que disput\u00f3 algunos minutos al lado de los futbolistas del Real Madrid, Modric y Kovacic en una victoria que motiva al combinado balc\u00e1nico en las v\u00edsperas de la Eurocopa.<\/span><\/p>\n<p><span style=\"color: #ff0000;\"><strong><a href=\"http:\/\/www.futboltotal.com.mx\/wp-content\/uploads\/2016\/03\/Halilovic-Croacia.jpg\" rel=\"attachment wp-att-383804\"><img decoding=\"async\" loading=\"lazy\" class=\"alignnone size-full wp-image-383804\" src=\"http:\/\/www.futboltotal.com.mx\/wp-content\/uploads\/2016\/03\/Halilovic-Croacia.jpg\" alt=\"Halilovic - Croacia\" srcset=\"http:\/\/desarrollo.grupomedios.com\/futbol\/wp-content\/uploads\/2016\/03\/Halilovic-Croacia.jpg 820w, http:\/\/desarrollo.grupomedios.com\/futbol\/wp-content\/uploads\/2016\/03\/Halilovic-Croacia-300x146.jpg 300w, http:\/\/desarrollo.grupomedios.com\/futbol\/wp-content\/uploads\/2016\/03\/Halilovic-Croacia-768x375.jpg 768w\" sizes=\"(max-width: 820px) 100vw, 820px\" \/><\/a><\/strong><\/span><\/p>\n<p><strong><span style=\"color: #ff0000;\">Dele Alli | <\/span><\/strong><span style=\"color: #000000;\"><span style=\"color: #ff0000;\"><span style=\"color: #000000;\">Sus primeros pasos con Inglaterra en su versi\u00f3n \u00e9lite los dio el pasado 9 de octubre del 2015 y, solo cinco meses despu\u00e9s se ha vuelto un indiscutible para Roy Hogdson en el medio campo. <\/span><\/span><\/span><\/p>\n<p><span style=\"color: #000000;\"><span style=\"color: #ff0000;\"><span style=\"color: #000000;\">Qued\u00f3 demostrado el pasado s\u00e1bado ante la\u00a0campeona\u00a0del mundo,\u00a0Alemania, <strong><span style=\"color: #3366ff;\"><a style=\"color: #3366ff;\" href=\"http:\/\/www.futboltotal.com.mx\/2016\/03\/inglaterra-supera-a-alemania-en-partido-locura\/\">en duelo\u00a0disputado<\/a><\/span><\/strong><\/span><\/span><span style=\"color: #ff0000;\"><strong><span style=\"color: #3366ff;\"><a style=\"color: #3366ff;\" href=\"http:\/\/www.futboltotal.com.mx\/2016\/03\/inglaterra-supera-a-alemania-en-partido-locura\/\">\u00a0<\/a><\/span><\/strong><span style=\"color: #000000;\"><strong><span style=\"color: #3366ff;\"><a style=\"color: #3366ff;\" href=\"http:\/\/www.futboltotal.com.mx\/2016\/03\/inglaterra-supera-a-alemania-en-partido-locura\/\">en Berl\u00edn (2-3)<\/a><\/span><\/strong>, cuando el joven Dele salt\u00f3 al campo como titular y\u00a0con la n\u00famero 10, aprovechando la\u00a0ausencia\u00a0del m\u00e1ximo goleador de la selecci\u00f3n,\u00a0Wayne Rooney.\u00a0<\/span><\/span><\/span><\/p>\n<p><span style=\"color: #000000;\">&#8220;Cuando juega de \u201810\u2019, tiene movimientos de delantero. Cuando juega de interior, puede hacerlo como un centrocampista de contenci\u00f3n. Su mayor virtud es que es muy, muy listo. No es lo que corre o su calidad t\u00e9cnica, es c\u00f3mo lee los partidos&#8221;, apuntaba Pochettino, su actual entrenador con el Tottenham. <\/span><\/p>\n<p><span style=\"color: #000000;\">Con 19 a\u00f1os, Real Madrid ya le puso el ojo. De concretarse una operaci\u00f3n, emular\u00eda\u00a0los pasos de otras joyas llegadas desde White Hart Lane: Gareth Bale y Luka Modric.\u00a0<\/span><strong><span style=\"color: #ff0000;\"><a href=\"http:\/\/www.futboltotal.com.mx\/wp-content\/uploads\/2016\/03\/Dele-Alli-Inglaterra-1.jpg\" rel=\"attachment wp-att-383806\"><img decoding=\"async\" loading=\"lazy\" class=\"alignnone size-full wp-image-383806\" src=\"http:\/\/www.futboltotal.com.mx\/wp-content\/uploads\/2016\/03\/Dele-Alli-Inglaterra-1.jpg\" alt=\"Dele Alli - Inglaterra\" srcset=\"http:\/\/desarrollo.grupomedios.com\/futbol\/wp-content\/uploads\/2016\/03\/Dele-Alli-Inglaterra-1.jpg 820w, http:\/\/desarrollo.grupomedios.com\/futbol\/wp-content\/uploads\/2016\/03\/Dele-Alli-Inglaterra-1-300x146.jpg 300w, http:\/\/desarrollo.grupomedios.com\/futbol\/wp-content\/uploads\/2016\/03\/Dele-Alli-Inglaterra-1-768x375.jpg 768w\" sizes=\"(max-width: 820px) 100vw, 820px\" \/><\/a><\/span><\/strong><\/p>\n<p><strong><span style=\"color: #ff0000;\">Breel Embolo | <\/span><\/strong><span style=\"color: #000000;\">Con 18 a\u00f1os debut\u00f3 con el combinado de Suiza. Es un potente e inteligente atacante que poco a poco se ha ganados sus minutos de juego con el combinado mayor. En el camino a la Eurocopa marc\u00f3 un gol en cinco duelos y espera aumentar su eficacia de cara al marco contrario.\u00a0<\/span><\/p>\n<p><span style=\"color: #000000;\">Las condiciones de este el\u00e9ctrico punta originario de Camer\u00fan son tan especiales que ya el Basel rechaz\u00f3 ofertas bastantes seductoras del Wolfsburgo y en \u00faltimas fechas, Liverpool y Manchester United se han sumado al inter\u00e9s por Embolo, de tan solo 19 a\u00f1os reci\u00e9n cumplidos.<\/span><\/p>\n<p><strong><span style=\"color: #ff0000;\"><a href=\"http:\/\/www.futboltotal.com.mx\/wp-content\/uploads\/2016\/03\/Embolo-Suiza.jpg\" rel=\"attachment wp-att-383801\"><img decoding=\"async\" loading=\"lazy\" class=\"alignnone size-full wp-image-383801\" src=\"http:\/\/www.futboltotal.com.mx\/wp-content\/uploads\/2016\/03\/Embolo-Suiza.jpg\" alt=\"Embolo-Suiza\" srcset=\"http:\/\/desarrollo.grupomedios.com\/futbol\/wp-content\/uploads\/2016\/03\/Embolo-Suiza.jpg 820w, http:\/\/desarrollo.grupomedios.com\/futbol\/wp-content\/uploads\/2016\/03\/Embolo-Suiza-300x146.jpg 300w, http:\/\/desarrollo.grupomedios.com\/futbol\/wp-content\/uploads\/2016\/03\/Embolo-Suiza-768x375.jpg 768w\" sizes=\"(max-width: 820px) 100vw, 820px\" \/><\/a><\/span><\/strong><\/p>\n<div>\n<p><strong><span style=\"color: #ff0000;\">Kingsley Coman | <\/span><\/strong><span style=\"color: #000000;\">La punta de lanza para la remontada del Bayern Munich ante la Juventus es uno de los que se ha visto beneficiado por la exclusi\u00f3n temporal de Benzema de Francia. Pese a que no ocupa la misma demarcaci\u00f3n, Deschamps ha utilizado de manera recurrente a Coman (19 a\u00f1os) como un extremo a la antigua usanza sin importar el lado. <\/span><\/p>\n<p><span style=\"color: #000000;\">Seis goles y 11 asistencias en el curso son las estad\u00edsticas que permiten so\u00f1ar a Kingsley no solo con incluir la lista final de 23, sino hacerse con un puesto en el once de gala de la pr\u00f3xima anfitriona de la Eurocopa.\u00a0<\/span><\/p>\n<\/div>\n<div><a href=\"http:\/\/www.futboltotal.com.mx\/wp-content\/uploads\/2016\/03\/Kingsley-Coman-Crack-menores-de-20-a\u00f1os-para-la-Eurocopa.jpg\" rel=\"attachment wp-att-383794\"><img decoding=\"async\" loading=\"lazy\" class=\"alignnone size-full wp-image-383794\" src=\"http:\/\/www.futboltotal.com.mx\/wp-content\/uploads\/2016\/03\/Kingsley-Coman-Crack-menores-de-20-a\u00f1os-para-la-Eurocopa.jpg\" alt=\"Kingsley Coman-Crack menores de 20 a\u00f1os para la Eurocopa\" srcset=\"http:\/\/desarrollo.grupomedios.com\/futbol\/wp-content\/uploads\/2016\/03\/Kingsley-Coman-Crack-menores-de-20-a\u00f1os-para-la-Eurocopa.jpg 820w, http:\/\/desarrollo.grupomedios.com\/futbol\/wp-content\/uploads\/2016\/03\/Kingsley-Coman-Crack-menores-de-20-a\u00f1os-para-la-Eurocopa-300x146.jpg 300w, http:\/\/desarrollo.grupomedios.com\/futbol\/wp-content\/uploads\/2016\/03\/Kingsley-Coman-Crack-menores-de-20-a\u00f1os-para-la-Eurocopa-768x375.jpg 768w\" sizes=\"(max-width: 820px) 100vw, 820px\" \/><\/a><\/div>\n","protected":false},"excerpt":{"rendered":"<p>El cat\u00e1logo de futbolistas presentado ser\u00e1 el futuro del balompi\u00e9 <\/p>\n","protected":false},"author":20,"featured_media":383799,"comment_status":"closed","ping_status":"closed","sticky":false,"template":"","format":"standard","meta":[],"categories":[5,6995,6997,3839],"tags":[6938,6939,4514,6937,2236,6152,6940,6936,6751],"_links":{"self":[{"href":"http:\/\/desarrollo.grupomedios.com\/futbol\/wp-json\/wp\/v2\/posts\/383784"}],"collection":[{"href":"http:\/\/desarrollo.grupomedios.com\/futbol\/wp-json\/wp\/v2\/posts"}],"about":[{"href":"http:\/\/desarrollo.grupomedios.com\/futbol\/wp-json\/wp\/v2\/types\/post"}],"author":[{"embeddable":true,"href":"http:\/\/desarrollo.grupomedios.com\/futbol\/wp-json\/wp\/v2\/users\/20"}],"replies":[{"embeddable":true,"href":"http:\/\/desarrollo.grupomedios.com\/futbol\/wp-json\/wp\/v2\/comments?post=383784"}],"version-history":[{"count":0,"href":"http:\/\/desarrollo.grupomedios.com\/futbol\/wp-json\/wp\/v2\/posts\/383784\/revisions"}],"wp:featuredmedia":[{"embeddable":true,"href":"http:\/\/desarrollo.grupomedios.com\/futbol\/wp-json\/wp\/v2\/media\/383799"}],"wp:attachment":[{"href":"http:\/\/desarrollo.grupomedios.com\/futbol\/wp-json\/wp\/v2\/media?parent=383784"}],"wp:term":[{"taxonomy":"category","embeddable":true,"href":"http:\/\/desarrollo.grupomedios.com\/futbol\/wp-json\/wp\/v2\/categories?post=383784"},{"taxonomy":"post_tag","embeddable":true,"href":"http:\/\/desarrollo.grupomedios.com\/futbol\/wp-json\/wp\/v2\/tags?post=383784"}],"curies":[{"name":"wp","href":"https:\/\/api.w.org\/{rel}","templated":true}]}}