{"id":383845,"date":"2016-03-29T14:11:20","date_gmt":"2016-03-29T20:11:20","guid":{"rendered":"http:\/\/www.futboltotal.com.mx\/?p=383845"},"modified":"2016-03-29T14:17:41","modified_gmt":"2016-03-29T20:17:41","slug":"memo-ochoa-las-horas-contadas-en-malaga","status":"publish","type":"post","link":"http:\/\/desarrollo.grupomedios.com\/futbol\/destacado-home\/memo-ochoa-las-horas-contadas-en-malaga\/2016\/03","title":{"rendered":"Memo Ochoa, con las horas contadas en el M\u00e1laga"},"content":{"rendered":"<p>La titularidad bajo los tres postes del <strong>M\u00e1laga<\/strong> podr\u00eda terminar antes de lo esperado para el portero mexicano <strong>Guillermo Ochoa.\u00a0<\/strong>Y es que, el camerun\u00e9s Carlos Kameni ha vuelto a los entrenamientos 22 d\u00edas despu\u00e9s de haber sido intervenido tras una lesi\u00f3n meniscal y acelera su recuperaci\u00f3n para regresar lo antes posible a las canchas.<\/p>\n<p>Este martes, Kameni dio la buena nueva en el entrenamiento del conjunto andaluz. La evoluci\u00f3n a su lesi\u00f3n ha sido favorable y se ha dado conforme a los tiempos marcados. Por ahora, el arquero est\u00e1 descartado para el partido ante Espanyol del pr\u00f3ximo domingo. Sin embargo puede ser tomado en cuenta para los duelos ante Granada (8 de abril) o Athletic de Bilbao (17 de abril), todo depender\u00e1 de si mantiene las progresiones favorables que hasta hoy ha mostrado.<\/p>\n<p style=\"text-align: center;\"><span style=\"color: #3366ff;\"><strong><a style=\"color: #3366ff;\" href=\"http:\/\/www.futboltotal.com.mx\/2016\/03\/la-razon-la-memo-ochoa-decidio-quedarse-malaga\/\">LEER M\u00c1S: Ochoa no iba a renunciar al M\u00e1laga<\/a><\/strong><\/span><\/p>\n<p>De acuerdo con el reporte del diario malaguista <em>Sur, <\/em>al\u00a0entrenador Javi Gracia no le ser\u00e1 sencillo decidir qui\u00e9n terminar\u00e1 por ser el arquero titular en un cierre vertiginoso de la campa\u00f1a, donde aun est\u00e1 en juego el pase a puestos europeos. Y es que por un lado est\u00e1 <strong>Ochoa<\/strong>, quien ha demostrado su calidad y ha respondido con un par de buenas actuaciones en las que no recibi\u00f3 gol ante Sporting y Betis, y por en el otro polo est\u00e1 Carlos Kameni, cuya ausencia fue por lesi\u00f3n y en el curso ha defendido con u\u00f1as y dientes su continuidad.<\/p>\n<p>El pr\u00f3ximo domingo, en La Rosaleda y frente al Espanyol, <strong>Guillermo Ochoa <\/strong>podr\u00eda disputar su \u00faltimo partido con el M\u00e1laga.<\/p>\n","protected":false},"excerpt":{"rendered":"<p>El portero Carlos Kameni ya entren\u00f3 y aprieta su recuperaci\u00f3n<\/p>\n","protected":false},"author":20,"featured_media":383867,"comment_status":"closed","ping_status":"closed","sticky":false,"template":"","format":"standard","meta":[],"categories":[5,3839,3844,6718],"tags":[5991,306],"_links":{"self":[{"href":"http:\/\/desarrollo.grupomedios.com\/futbol\/wp-json\/wp\/v2\/posts\/383845"}],"collection":[{"href":"http:\/\/desarrollo.grupomedios.com\/futbol\/wp-json\/wp\/v2\/posts"}],"about":[{"href":"http:\/\/desarrollo.grupomedios.com\/futbol\/wp-json\/wp\/v2\/types\/post"}],"author":[{"embeddable":true,"href":"http:\/\/desarrollo.grupomedios.com\/futbol\/wp-json\/wp\/v2\/users\/20"}],"replies":[{"embeddable":true,"href":"http:\/\/desarrollo.grupomedios.com\/futbol\/wp-json\/wp\/v2\/comments?post=383845"}],"version-history":[{"count":0,"href":"http:\/\/desarrollo.grupomedios.com\/futbol\/wp-json\/wp\/v2\/posts\/383845\/revisions"}],"wp:featuredmedia":[{"embeddable":true,"href":"http:\/\/desarrollo.grupomedios.com\/futbol\/wp-json\/wp\/v2\/media\/383867"}],"wp:attachment":[{"href":"http:\/\/desarrollo.grupomedios.com\/futbol\/wp-json\/wp\/v2\/media?parent=383845"}],"wp:term":[{"taxonomy":"category","embeddable":true,"href":"http:\/\/desarrollo.grupomedios.com\/futbol\/wp-json\/wp\/v2\/categories?post=383845"},{"taxonomy":"post_tag","embeddable":true,"href":"http:\/\/desarrollo.grupomedios.com\/futbol\/wp-json\/wp\/v2\/tags?post=383845"}],"curies":[{"name":"wp","href":"https:\/\/api.w.org\/{rel}","templated":true}]}}