{"id":383947,"date":"2016-03-29T16:15:07","date_gmt":"2016-03-29T22:15:07","guid":{"rendered":"http:\/\/www.futboltotal.com.mx\/?p=383947"},"modified":"2016-03-29T16:19:47","modified_gmt":"2016-03-29T22:19:47","slug":"adrian-san-miguel-anota-gol-antologia-west-ham","status":"publish","type":"post","link":"http:\/\/desarrollo.grupomedios.com\/futbol\/videos\/adrian-san-miguel-anota-gol-antologia-west-ham\/2016\/03","title":{"rendered":"Portero espa\u00f1ol anota para el West Ham"},"content":{"rendered":"<p>El lunes 28 de marzo, <strong>West Ham<\/strong> realiz\u00f3 un partido de homenaje a <strong>Mark Noble<\/strong>, futbolista que cumpli\u00f3 10 a\u00f1os de pertenecer al club; pero lo m\u00e1s sobresaliente del encuentro, fue un gol anotado por el portero del equipo, <strong>Adri\u00e1n San Miguel<\/strong>, de origen espa\u00f1ol, quien lleg\u00f3 hasta la meta rival para marcar.<\/p>\n<p><strong>Adri\u00e1n San Miguel<\/strong> conduci\u00f3 el bal\u00f3n desde el medio campo, con la complacencia del rival, para lograr anotar; m\u00e1s tarde en redes sociales, le mand\u00f3 un emotivo mensaje a <strong>Mark Noble<\/strong>, por su celebraci\u00f3n con <strong>West Ham<\/strong>.<\/p>\n<p style=\"text-align: center;\"><span style=\"color: #3366ff;\"><strong><a style=\"color: #3366ff;\" href=\"http:\/\/www.futboltotal.com.mx\/2016\/03\/revelan-trailer-pelicula-pele\/\" target=\"_blank\">LEER M\u00c1S: Revelan tr\u00e1iler de pel\u00edcula sobre Pel\u00e9<\/a><\/strong><\/span><\/p>\n<blockquote class=\"twitter-tweet\" data-lang=\"es\">\n<p dir=\"ltr\" lang=\"en\">West Ham goalkeeper Adrian doing that classic FIFA thing &#8211; getting your keeper to take on everyone and score. <a href=\"https:\/\/t.co\/eeZNkiBwxK\">pic.twitter.com\/eeZNkiBwxK<\/a><\/p>\n<p>\u2014 Troll Football (@TrollFootball) <a href=\"https:\/\/twitter.com\/TrollFootball\/status\/714461273170251777\">28 de marzo de 2016<\/a><\/p><\/blockquote>\n<p><script src=\"\/\/platform.twitter.com\/widgets.js\" async=\"\" charset=\"utf-8\"><\/script><\/p>\n<blockquote class=\"twitter-tweet\" data-lang=\"es\"><p>\nWhat a gent!What a captain!?<br \/>\n See you later in Upton Park for <a href=\"https:\/\/twitter.com\/hashtag\/MarkNobleTestimonial?src=hash\">#MarkNobleTestimonial<\/a> <a href=\"https:\/\/twitter.com\/hashtag\/COYI?src=hash\">#COYI<\/a> <a href=\"https:\/\/twitter.com\/hashtag\/WestHamFamily?src=hash\">#WestHamFamily<\/a> <a href=\"https:\/\/twitter.com\/hashtag\/London?src=hash\">#London<\/a> <a href=\"https:\/\/t.co\/eC3VvCT8dJ\">pic.twitter.com\/eC3VvCT8dJ<\/a><\/p>\n<p>\u2014 Adri\u00e1n San Miguel (@AdriSanMiguel) <a href=\"https:\/\/twitter.com\/AdriSanMiguel\/status\/714387347534700545\">28 de marzo de 2016<\/a>\n<\/p><\/blockquote>\n<p><script src=\"\/\/platform.twitter.com\/widgets.js\" async=\"\" charset=\"utf-8\"><\/script><\/p>\n","protected":false},"excerpt":{"rendered":"<p>En homenaje a Mark Noble, el cancerbero, Adri\u00e1n San Miguel, destac\u00f3<\/p>\n","protected":false},"author":20,"featured_media":383953,"comment_status":"closed","ping_status":"closed","sticky":false,"template":"","format":"standard","meta":[],"categories":[3839,3846,4],"tags":[5460,6610],"_links":{"self":[{"href":"http:\/\/desarrollo.grupomedios.com\/futbol\/wp-json\/wp\/v2\/posts\/383947"}],"collection":[{"href":"http:\/\/desarrollo.grupomedios.com\/futbol\/wp-json\/wp\/v2\/posts"}],"about":[{"href":"http:\/\/desarrollo.grupomedios.com\/futbol\/wp-json\/wp\/v2\/types\/post"}],"author":[{"embeddable":true,"href":"http:\/\/desarrollo.grupomedios.com\/futbol\/wp-json\/wp\/v2\/users\/20"}],"replies":[{"embeddable":true,"href":"http:\/\/desarrollo.grupomedios.com\/futbol\/wp-json\/wp\/v2\/comments?post=383947"}],"version-history":[{"count":0,"href":"http:\/\/desarrollo.grupomedios.com\/futbol\/wp-json\/wp\/v2\/posts\/383947\/revisions"}],"wp:featuredmedia":[{"embeddable":true,"href":"http:\/\/desarrollo.grupomedios.com\/futbol\/wp-json\/wp\/v2\/media\/383953"}],"wp:attachment":[{"href":"http:\/\/desarrollo.grupomedios.com\/futbol\/wp-json\/wp\/v2\/media?parent=383947"}],"wp:term":[{"taxonomy":"category","embeddable":true,"href":"http:\/\/desarrollo.grupomedios.com\/futbol\/wp-json\/wp\/v2\/categories?post=383947"},{"taxonomy":"post_tag","embeddable":true,"href":"http:\/\/desarrollo.grupomedios.com\/futbol\/wp-json\/wp\/v2\/tags?post=383947"}],"curies":[{"name":"wp","href":"https:\/\/api.w.org\/{rel}","templated":true}]}}