{"id":383950,"date":"2016-03-29T16:20:17","date_gmt":"2016-03-29T22:20:17","guid":{"rendered":"http:\/\/www.futboltotal.com.mx\/?p=383950"},"modified":"2016-03-29T16:20:46","modified_gmt":"2016-03-29T22:20:46","slug":"sensacional-asistencia-cardona-en-golazo-colombia","status":"publish","type":"post","link":"http:\/\/desarrollo.grupomedios.com\/futbol\/videos\/sensacional-asistencia-cardona-en-golazo-colombia\/2016\/03","title":{"rendered":"Sensacional asistencia de Cardona en golazo de Colombia"},"content":{"rendered":"<p><strong>Colombia<\/strong> regres\u00f3 al futbol festivo y lo aprovech\u00f3 en una c\u00f3moda victoria ante el l\u00edder de las eliminatorias de Conmebol, Ecuador (13), con un 3-0 en el que particip\u00f3 <strong>Edwin Cardona<\/strong>, futbolista del Monterrey, en la elaboraci\u00f3n del segundo gol.<\/p>\n<p style=\"text-align: center;\"><strong><span style=\"color: #3366ff;\"><a style=\"color: #3366ff;\" href=\"http:\/\/www.futboltotal.com.mx\/2016\/03\/golazo-gignac-en-amistoso-francia\/\">LEER M\u00c1S: \u00a1Golazo de palomita de Gignac! <\/a><\/span><\/strong><\/p>\n<p><strong>Cardona <\/strong>agarr\u00f3 la redonda por el costado izquierdo, meti\u00f3 el cuerpo, amag\u00f3 a su rival y gener\u00f3 el espacio necesario para sacar un preciso servicio de zurda que finiquit\u00f3 Sebasti\u00e1n P\u00e9rez con una espectacular pirueta para el segundo gol.<\/p>\n<blockquote class=\"twitter-tweet\" data-lang=\"es\">\n<p dir=\"ltr\" lang=\"es\"><a href=\"https:\/\/twitter.com\/hashtag\/EliminatoriasEnTyC?src=hash\">#EliminatoriasEnTyC<\/a> \u00a1GOL DE COLOMBIA! P\u00e9rez pone el 2-0 ante Ecuador. Miralo EN VIVO: <a href=\"https:\/\/t.co\/QoVosq2qwB\">https:\/\/t.co\/QoVosq2qwB<\/a> <a href=\"https:\/\/t.co\/Y3B9TQ00Tq\">https:\/\/t.co\/Y3B9TQ00Tq<\/a><\/p>\n<p>\u2014 TyC Sports Play (@TyCSportsPlay) <a href=\"https:\/\/twitter.com\/TyCSportsPlay\/status\/714930876925095936\">29 de marzo de 2016<\/a><\/p><\/blockquote>\n<p><script src=\"\/\/platform.twitter.com\/widgets.js\" async=\"\" charset=\"utf-8\"><\/script><\/p>\n","protected":false},"excerpt":{"rendered":"<p>Sebasti\u00e1n P\u00e9rez finiquit\u00f3 con una patada voladora <\/p>\n","protected":false},"author":20,"featured_media":383954,"comment_status":"closed","ping_status":"closed","sticky":false,"template":"","format":"standard","meta":[],"categories":[3839,4],"tags":[6005,6133,6251],"_links":{"self":[{"href":"http:\/\/desarrollo.grupomedios.com\/futbol\/wp-json\/wp\/v2\/posts\/383950"}],"collection":[{"href":"http:\/\/desarrollo.grupomedios.com\/futbol\/wp-json\/wp\/v2\/posts"}],"about":[{"href":"http:\/\/desarrollo.grupomedios.com\/futbol\/wp-json\/wp\/v2\/types\/post"}],"author":[{"embeddable":true,"href":"http:\/\/desarrollo.grupomedios.com\/futbol\/wp-json\/wp\/v2\/users\/20"}],"replies":[{"embeddable":true,"href":"http:\/\/desarrollo.grupomedios.com\/futbol\/wp-json\/wp\/v2\/comments?post=383950"}],"version-history":[{"count":0,"href":"http:\/\/desarrollo.grupomedios.com\/futbol\/wp-json\/wp\/v2\/posts\/383950\/revisions"}],"wp:featuredmedia":[{"embeddable":true,"href":"http:\/\/desarrollo.grupomedios.com\/futbol\/wp-json\/wp\/v2\/media\/383954"}],"wp:attachment":[{"href":"http:\/\/desarrollo.grupomedios.com\/futbol\/wp-json\/wp\/v2\/media?parent=383950"}],"wp:term":[{"taxonomy":"category","embeddable":true,"href":"http:\/\/desarrollo.grupomedios.com\/futbol\/wp-json\/wp\/v2\/categories?post=383950"},{"taxonomy":"post_tag","embeddable":true,"href":"http:\/\/desarrollo.grupomedios.com\/futbol\/wp-json\/wp\/v2\/tags?post=383950"}],"curies":[{"name":"wp","href":"https:\/\/api.w.org\/{rel}","templated":true}]}}