{"id":384193,"date":"2016-03-30T11:39:17","date_gmt":"2016-03-30T17:39:17","guid":{"rendered":"http:\/\/www.futboltotal.com.mx\/?p=384193"},"modified":"2016-03-30T11:45:24","modified_gmt":"2016-03-30T17:45:24","slug":"fallece-hija-matias-alustiza","status":"publish","type":"post","link":"http:\/\/desarrollo.grupomedios.com\/futbol\/futbol-mexicano\/fallece-hija-matias-alustiza\/2016\/03","title":{"rendered":"Fallece hija de Mat\u00edas Alustiza"},"content":{"rendered":"<p>El delantero del <strong>Puebla<\/strong>, <strong>Mat\u00edas Alustiza<\/strong>, vive uno de los momentos m\u00e1s duros y tristes de su vida: la noche de este martes muri\u00f3 su peque\u00f1a hija, a las pocas horas de haber nacido.<\/p>\n<p>Este d\u00eda, la <em>Franja <\/em>envi\u00f3 mensajes de apoyo a trav\u00e9s de su cuenta de <em>twitte<\/em>r para solidarizarse con la pena que embarga al argentino y su familia: &#8220;Nuestras oraciones, nuestra fuerza y nuestro cari\u00f1o contigo. Estamos a tu lado Mat\u00edas&#8221;.<\/p>\n<blockquote class=\"twitter-tweet\" data-lang=\"es\">\n<p dir=\"ltr\" lang=\"es\">Nuestras oraciones, nuestra fuerza y nuestro cari\u00f1o contigo. Estamos a tu lado Mat\u00edas. <a href=\"https:\/\/t.co\/fb9WMPwsEh\">pic.twitter.com\/fb9WMPwsEh<\/a><\/p>\n<p>\u2014 Club Puebla (@PueblaFC) <a href=\"https:\/\/twitter.com\/PueblaFC\/status\/715203809278976000\">30 de marzo de 2016<\/a><\/p><\/blockquote>\n<p><script src=\"\/\/platform.twitter.com\/widgets.js\" async=\"\" charset=\"utf-8\"><\/script>De igual forma lo han hecho clubes de la Liga MX, entre ellos Rayados de Monterrey.<\/p>\n<blockquote class=\"twitter-tweet\" data-lang=\"es\"><p>\nTodos los <a href=\"https:\/\/twitter.com\/hashtag\/Rayados?src=hash\">#Rayados<\/a> nos unimos a la tristeza que vive el Jugador <a href=\"https:\/\/twitter.com\/chavoalustiza\">@chavoalustiza<\/a> y su familia por la dolorosa perdida. <a href=\"https:\/\/t.co\/FE7HC2HyCW\">pic.twitter.com\/FE7HC2HyCW<\/a><\/p>\n<p>\u2014 Rayados Oficial (@Rayados) <a href=\"https:\/\/twitter.com\/Rayados\/status\/715213637061726208\">30 de marzo de 2016<\/a>\n<\/p><\/blockquote>\n<p><script src=\"\/\/platform.twitter.com\/widgets.js\" async=\"\" charset=\"utf-8\"><\/script><\/p>\n<p><strong>Mat\u00edas Alustiza<\/strong> ten\u00eda una gran ilusi\u00f3n con el nacimiento de su tercer hijo e instantes despu\u00e9s de que su esposa Paulina diera a luz, comparti\u00f3 en su cuenta de <em>twitter<\/em> un emotivo mensaje acompa\u00f1ado de una fotograf\u00eda.<\/p>\n<blockquote class=\"twitter-tweet\" data-lang=\"es\"><p>Bienvenida hermosa llego la poblanita felicidad absoluta te amamos LUPE \u2764<br \/>\n\ufe0f gracias mi amor <a href=\"https:\/\/twitter.com\/paulichavita\">@paulichavita<\/a> <a href=\"https:\/\/t.co\/KtpnTm0Jqb\">pic.twitter.com\/KtpnTm0Jqb<\/a><\/p>\n<p>\u2014 Matias (@chavoalustiza) <a href=\"https:\/\/twitter.com\/chavoalustiza\/status\/714487015178252288\">28 de marzo de 2016<\/a><\/p><\/blockquote>\n<p><script src=\"\/\/platform.twitter.com\/widgets.js\" async=\"\" charset=\"utf-8\"><\/script><\/p>\n<p>Hasta el momento se desconocen la causa del fallecimiento de la peque\u00f1a hija de Alustiza.<\/p>\n","protected":false},"excerpt":{"rendered":"<p>La hija del goleador del Puebla perdi\u00f3 la vida la noche de este martes<\/p>\n","protected":false},"author":20,"featured_media":384197,"comment_status":"closed","ping_status":"closed","sticky":false,"template":"","format":"standard","meta":[],"categories":[2198,3845],"tags":[710],"_links":{"self":[{"href":"http:\/\/desarrollo.grupomedios.com\/futbol\/wp-json\/wp\/v2\/posts\/384193"}],"collection":[{"href":"http:\/\/desarrollo.grupomedios.com\/futbol\/wp-json\/wp\/v2\/posts"}],"about":[{"href":"http:\/\/desarrollo.grupomedios.com\/futbol\/wp-json\/wp\/v2\/types\/post"}],"author":[{"embeddable":true,"href":"http:\/\/desarrollo.grupomedios.com\/futbol\/wp-json\/wp\/v2\/users\/20"}],"replies":[{"embeddable":true,"href":"http:\/\/desarrollo.grupomedios.com\/futbol\/wp-json\/wp\/v2\/comments?post=384193"}],"version-history":[{"count":0,"href":"http:\/\/desarrollo.grupomedios.com\/futbol\/wp-json\/wp\/v2\/posts\/384193\/revisions"}],"wp:featuredmedia":[{"embeddable":true,"href":"http:\/\/desarrollo.grupomedios.com\/futbol\/wp-json\/wp\/v2\/media\/384197"}],"wp:attachment":[{"href":"http:\/\/desarrollo.grupomedios.com\/futbol\/wp-json\/wp\/v2\/media?parent=384193"}],"wp:term":[{"taxonomy":"category","embeddable":true,"href":"http:\/\/desarrollo.grupomedios.com\/futbol\/wp-json\/wp\/v2\/categories?post=384193"},{"taxonomy":"post_tag","embeddable":true,"href":"http:\/\/desarrollo.grupomedios.com\/futbol\/wp-json\/wp\/v2\/tags?post=384193"}],"curies":[{"name":"wp","href":"https:\/\/api.w.org\/{rel}","templated":true}]}}