{"id":384209,"date":"2016-03-30T12:40:56","date_gmt":"2016-03-30T18:40:56","guid":{"rendered":"http:\/\/www.futboltotal.com.mx\/?p=384209"},"modified":"2016-03-30T18:49:40","modified_gmt":"2016-03-31T00:49:40","slug":"alan-pulido-jugara-competiciones-internacionales-inminente-sancion-a-futbol-griego","status":"publish","type":"post","link":"http:\/\/desarrollo.grupomedios.com\/futbol\/futbol-internacional\/alan-pulido-jugara-competiciones-internacionales-inminente-sancion-a-futbol-griego\/2016\/03","title":{"rendered":"Sanci\u00f3n para futbol griego afectar\u00eda a Alan Pulido"},"content":{"rendered":"<p>Los constantes actos de violencia en los estadios en el <strong>futbol griego<\/strong> costar\u00e1n una sanci\u00f3n inminente para el balompi\u00e9 hel\u00e9nico, situaci\u00f3n que afectar\u00eda de gran manera a la selecci\u00f3n de Grecia y a los clubes que ganen deportivamente su pasaje a competencias continentales.<\/p>\n<p>A comienzos de marzo, Kondon\u00eds, Mistro de Deportes en Grecia, suspendi\u00f3 la Copa de f\u00fatbol tras los graves incidentes registrados durante la semifinal entre el Paok de Sal\u00f3nica y el <strong>Olympiacos<\/strong>, club en el que milita el mexicano <strong>Alan Pulido<\/strong>.<\/p>\n<p>El partido tuvo que ser detenido en el minuto 87, con el marcador 1-2 a favor del club donde milita el mundialista azteca, luego de que en protesta por un supuesto penalti no se\u00f1alado a favor de su equipo, aficionados del PAOK invadieron el terreno de juego y decenas de bengalas y bombas de humo fueron lanzadas desde las gradas.<\/p>\n<p style=\"text-align: center;\"><strong><span style=\"color: #3366ff;\"><a style=\"color: #3366ff;\" href=\"http:\/\/www.futboltotal.com.mx\/2016\/03\/alan-pulido-y-olympiacos-viven-terror-en-grecia\/\">LEER M\u00c1S: Alan Pulido y Olympiacos viven terror en Grecia<\/a><\/span><\/strong><\/p>\n<p>Las asociaciones europeas consideraron la decisi\u00f3n de Kondon\u00eds desmesurada y amenazaron con excluir a los clubes y las selecciones nacionales griegas de toda competici\u00f3n internacional. &#8220;La Copa de Grecia debe continuar. Hay medidas (alternativas) que podr\u00edan aplicarse&#8221;, destac\u00f3 hoy el representante de la <strong>FIFA<\/strong> y presidente de la federaci\u00f3n de f\u00fatbol chipriota Kostakis Kutsokumnis tras la reuni\u00f3n con Kondon\u00eds.<\/p>\n<p>Kutsokumnis recalc\u00f3 que la <strong>FIFA<\/strong> podr\u00eda &#8220;aceptar la suspensi\u00f3n de todas las competiciones nacionales si el problema es la violencia&#8221;, pero que no acepta solo la suspensi\u00f3n de la Copa.<\/p>\n<p>El representante de la FIFA a\u00f1adi\u00f3 que los partidos que quedan de la Copa podr\u00edan disputarse a puerta cerrada y que la final podr\u00eda ser dirigida por un \u00e1rbitro extranjero y que la Federaci\u00f3n de Futbol en Grecia tiene como plazo el 1 de abril para revocar la suspensi\u00f3n de la Copa y dar soluci\u00f3n al asunto que tiene en vilo al futbol griego.<\/p>\n","protected":false},"excerpt":{"rendered":"<p>Olympiacos, donde milita el mexicano, entre los afectados<\/p>\n","protected":false},"author":20,"featured_media":384211,"comment_status":"closed","ping_status":"closed","sticky":false,"template":"","format":"standard","meta":[],"categories":[3839,6718,5951],"tags":[1607,361,6942,6091],"_links":{"self":[{"href":"http:\/\/desarrollo.grupomedios.com\/futbol\/wp-json\/wp\/v2\/posts\/384209"}],"collection":[{"href":"http:\/\/desarrollo.grupomedios.com\/futbol\/wp-json\/wp\/v2\/posts"}],"about":[{"href":"http:\/\/desarrollo.grupomedios.com\/futbol\/wp-json\/wp\/v2\/types\/post"}],"author":[{"embeddable":true,"href":"http:\/\/desarrollo.grupomedios.com\/futbol\/wp-json\/wp\/v2\/users\/20"}],"replies":[{"embeddable":true,"href":"http:\/\/desarrollo.grupomedios.com\/futbol\/wp-json\/wp\/v2\/comments?post=384209"}],"version-history":[{"count":0,"href":"http:\/\/desarrollo.grupomedios.com\/futbol\/wp-json\/wp\/v2\/posts\/384209\/revisions"}],"wp:featuredmedia":[{"embeddable":true,"href":"http:\/\/desarrollo.grupomedios.com\/futbol\/wp-json\/wp\/v2\/media\/384211"}],"wp:attachment":[{"href":"http:\/\/desarrollo.grupomedios.com\/futbol\/wp-json\/wp\/v2\/media?parent=384209"}],"wp:term":[{"taxonomy":"category","embeddable":true,"href":"http:\/\/desarrollo.grupomedios.com\/futbol\/wp-json\/wp\/v2\/categories?post=384209"},{"taxonomy":"post_tag","embeddable":true,"href":"http:\/\/desarrollo.grupomedios.com\/futbol\/wp-json\/wp\/v2\/tags?post=384209"}],"curies":[{"name":"wp","href":"https:\/\/api.w.org\/{rel}","templated":true}]}}