{"id":384326,"date":"2016-03-30T18:12:55","date_gmt":"2016-03-31T00:12:55","guid":{"rendered":"http:\/\/www.futboltotal.com.mx\/?p=384326"},"modified":"2016-03-30T18:42:23","modified_gmt":"2016-03-31T00:42:23","slug":"rivales-la-seleccion-mexicana-han-sido-alto-riesgo-victor-manuel-vucetich","status":"publish","type":"post","link":"http:\/\/desarrollo.grupomedios.com\/futbol\/destacado-home\/rivales-la-seleccion-mexicana-han-sido-alto-riesgo-victor-manuel-vucetich\/2016\/03","title":{"rendered":"No, no a todos les impresiona Osorio"},"content":{"rendered":"<p><strong>V\u00edctor Manuel Vucetich<\/strong>, director t\u00e9cnico del <a href=\"http:\/\/www.futboltotal.com.mx\/equipos\/queretaro\/\" target=\"_blank\">Quer\u00e9taro<\/a>, habl\u00f3 del momento que vive la <strong><a href=\"http:\/\/www.futboltotal.com.mx\/futbol-mexicano\/seleccion-mexicana\/\" target=\"_blank\">Selecci\u00f3n Mexicana<\/a><\/strong>\u00a0bajo el mando del entrenador colombiano\u00a0<strong>Juan Carlos Osorio<\/strong>.<\/p>\n<p>El estratega de los <em>Gallos Blancos<\/em> fue cuestionado sobre el <a href=\"http:\/\/www.futboltotal.com.mx\/2016\/03\/resultado-eliminatorias-mexico-2-0-canada\/\" target=\"_blank\">pase de la <strong>Selecci\u00f3n Mexicana<\/strong> al Hexagonal Final de la CONCACAF rumbo a Rusia 2018<\/a>, clasificaci\u00f3n que lleg\u00f3 tras ganar los cuatro partidos disputados, donde no ha\u00a0recibido anotaci\u00f3n en contra.<\/p>\n<p>Y para <em>Vuce<\/em>,\u00a0el paso de <strong>Juan Carlos Osorio<\/strong> es bueno, pero no le impresiona.\u00a0&#8220;Ha tenido un buen inicio, pero los rivales tampoco han sido de alto nivel y de alto riesgo&#8221;, se\u00f1al\u00f3 <strong>V\u00edctor Manuel Vucetich<\/strong>.<\/p>\n<p style=\"text-align: center;\"><strong><a style=\"color: #3366ff;\" href=\"http:\/\/www.futboltotal.com.mx\/2016\/03\/top-5-mejores-rachas-la-seleccion-mexicana-sin-recibir-gol\/\" target=\"_blank\">LEER M\u00c1S: TRI de Osorio va por r\u00e9cord de imbatibilidad<\/a><\/strong><\/p>\n<p>Por otro lado, el estratega del <strong>Quer\u00e9taro<\/strong> confes\u00f3 que Emanuel Villa es baja para enfrentar a Xolos en la jornada 12 del Clausura 2016; pero que espera contar con \u00e9l para el juego de Concachampions.<\/p>\n<p>&#8220;Tenemos la ausencia de Emanuel Villa que se volvi\u00f3 a resentir, esperemos que juegue el pr\u00f3ximo martes ante Tigres; para el viernes no estar\u00e1 disponible&#8221;, acot\u00f3 <strong>V\u00edctor Manuel Vucetich<\/strong>.<\/p>\n<p>Por otro lado, el estratega tiene buenas noticias para el conjunto queretano, pues Camilo Sanvezzo estar\u00eda cerca de volver a la actividad en la Liga MX, pues ya pr\u00e1ctica con el resto del equipo.<\/p>\n<p><span style=\"color: #ff0000;\">VIDEO: Futbolistas con apodo basado en otro futbolista<\/span><\/p>\n<p><span style=\"color: #333333;\"><span style=\"font-family: Georgia, 'Times New Roman', 'Bitstream Charter', Times, serif;\"><span style=\"font-size: large;\">[video_player]https:\/\/player.vimeo.com\/external\/160912139.sd.mp4?s=f473048c603c41d5e219c10d7ab8761f669f2cbb&amp;profile_id=165[\/video_player]<\/span><\/span><\/span><\/p>\n","protected":false},"excerpt":{"rendered":"<p>&#8220;Los rivales tampoco no han sido de alto riesgo&#8221;: Vucetich<\/p>\n","protected":false},"author":20,"featured_media":384327,"comment_status":"closed","ping_status":"closed","sticky":false,"template":"","format":"standard","meta":[],"categories":[5,2198,3845],"tags":[142,5970,1575],"_links":{"self":[{"href":"http:\/\/desarrollo.grupomedios.com\/futbol\/wp-json\/wp\/v2\/posts\/384326"}],"collection":[{"href":"http:\/\/desarrollo.grupomedios.com\/futbol\/wp-json\/wp\/v2\/posts"}],"about":[{"href":"http:\/\/desarrollo.grupomedios.com\/futbol\/wp-json\/wp\/v2\/types\/post"}],"author":[{"embeddable":true,"href":"http:\/\/desarrollo.grupomedios.com\/futbol\/wp-json\/wp\/v2\/users\/20"}],"replies":[{"embeddable":true,"href":"http:\/\/desarrollo.grupomedios.com\/futbol\/wp-json\/wp\/v2\/comments?post=384326"}],"version-history":[{"count":0,"href":"http:\/\/desarrollo.grupomedios.com\/futbol\/wp-json\/wp\/v2\/posts\/384326\/revisions"}],"wp:featuredmedia":[{"embeddable":true,"href":"http:\/\/desarrollo.grupomedios.com\/futbol\/wp-json\/wp\/v2\/media\/384327"}],"wp:attachment":[{"href":"http:\/\/desarrollo.grupomedios.com\/futbol\/wp-json\/wp\/v2\/media?parent=384326"}],"wp:term":[{"taxonomy":"category","embeddable":true,"href":"http:\/\/desarrollo.grupomedios.com\/futbol\/wp-json\/wp\/v2\/categories?post=384326"},{"taxonomy":"post_tag","embeddable":true,"href":"http:\/\/desarrollo.grupomedios.com\/futbol\/wp-json\/wp\/v2\/tags?post=384326"}],"curies":[{"name":"wp","href":"https:\/\/api.w.org\/{rel}","templated":true}]}}