{"id":384423,"date":"2016-03-31T10:15:03","date_gmt":"2016-03-31T16:15:03","guid":{"rendered":"http:\/\/www.futboltotal.com.mx\/?p=384423"},"modified":"2016-03-31T14:28:18","modified_gmt":"2016-03-31T20:28:18","slug":"layun-anhela-cambiar-club-en-verano","status":"publish","type":"post","link":"http:\/\/desarrollo.grupomedios.com\/futbol\/futbol-internacional\/layun-anhela-cambiar-club-en-verano\/2016\/03","title":{"rendered":"El \u00faltimo tren para Miguel Lay\u00fan&#8230;"},"content":{"rendered":"<p>El mercado de fichajes estival en Europa arranca el pr\u00f3ximo 1 de julio y tendr\u00e1 como uno de los protagonistas al mexicano <strong>Miguel Lay\u00fan<\/strong>. \u00bfLa raz\u00f3n? Termina su cesi\u00f3n con el <strong>Porto<\/strong>\u00a0y definir\u00e1 en que club jugar\u00e1 la pr\u00f3xima temporada.<\/p>\n<p>En el cl\u00edmax de un curso magn\u00edfico en la que se ha convertido en el mejor asistidor de la Liga de Portugal, el mexicano, fue colocado este mi\u00e9rcoles por la prensa internacional como futurible fichaje del Real Madrid. Y un d\u00eda despu\u00e9s, <em>ESPN\u00a0<\/em>revela que\u00a0<strong>Lay\u00fan <\/strong>contempla dejar el Porto para dar el salto a un club de mayor jerarqu\u00eda.<\/p>\n<p style=\"text-align: center;\"><span style=\"color: #3366ff;\"><strong><a style=\"color: #3366ff;\" href=\"http:\/\/www.futboltotal.com.mx\/futbol-internacional\/mexicanos-en-europa\/\">LEER M\u00c1S: Todas las noticias de mexicanos en Europa<\/a><\/strong><\/span><\/p>\n<p>As\u00ed se lo hizo saber al medio citado una fuente cercana al jugador, la cual enfatiz\u00f3 que el tema de su traspaso es &#8220;delicado&#8221;, toda vez que el Watford, due\u00f1o de la carta del lateral <em>tricolor,<\/em> aun no tiene claro si el <strong>Porto <\/strong>har\u00e1 v\u00e1lida la opci\u00f3n de compra definitiva y\u00a0pagar\u00e1 los seis millones estipulados en la cesi\u00f3n firmada a principios de la actual campa\u00f1a.<\/p>\n<p>Por otra parte, el mexicano <strong>Miguel Lay\u00fan<\/strong>\u00a0ha sido cauteloso y este mi\u00e9rcoles dio carpetazo al presunto inter\u00e9s que tendr\u00eda el Real Madrid en ficharlo. Esta totalmente comprometido con el Porto y enfocado en protagonizar un gran cierre de temporada en el que, m\u00e1s all\u00e1 de luchar por terminar entre los mejores pasadores del globo, est\u00e1 de por medio ganar el t\u00edtulo de liga.<\/p>\n<p>Para el pr\u00f3ximo verano,<strong> Lay\u00fan<\/strong> cumplir\u00e1 28 a\u00f1os, edad en la que podr\u00eda recibir una oportunidad inmejorable para cambiar de club y con ello tomar el \u00faltimo tren para ir a las grandes ligas.<\/p>\n<p style=\"text-align: center;\"><strong><span style=\"color: #3366ff;\"><a style=\"color: #3366ff;\" href=\"http:\/\/www.futboltotal.com.mx\/2016\/03\/layun-proximo-fichaje-del-real-madrid\/\">LEER M\u00c1S: 10 fichajes del Real Madrid que se concretaron con 28 a\u00f1os o m\u00e1s<\/a><\/span><\/strong><\/p>\n<p style=\"text-align: center;\">\n<div class=\"pb_feed\" data-embed-by=\"d43f3879-83ed-40bc-99d7-fde80605466f\" data-game=\"\/futboltotal10\/10-fichajes-del-real-madrid-no-tan-j-venes\" data-recommend=\"false\" data-game-info=\"false\" data-comments=\"false\"><\/div>\n","protected":false},"excerpt":{"rendered":"<p>El mexicano, colocado en el radar del Real Madrid, anhela cambiar de club<\/p>\n","protected":false},"author":20,"featured_media":384438,"comment_status":"closed","ping_status":"closed","sticky":false,"template":"","format":"standard","meta":[],"categories":[3839,3844,5951],"tags":[1035],"_links":{"self":[{"href":"http:\/\/desarrollo.grupomedios.com\/futbol\/wp-json\/wp\/v2\/posts\/384423"}],"collection":[{"href":"http:\/\/desarrollo.grupomedios.com\/futbol\/wp-json\/wp\/v2\/posts"}],"about":[{"href":"http:\/\/desarrollo.grupomedios.com\/futbol\/wp-json\/wp\/v2\/types\/post"}],"author":[{"embeddable":true,"href":"http:\/\/desarrollo.grupomedios.com\/futbol\/wp-json\/wp\/v2\/users\/20"}],"replies":[{"embeddable":true,"href":"http:\/\/desarrollo.grupomedios.com\/futbol\/wp-json\/wp\/v2\/comments?post=384423"}],"version-history":[{"count":0,"href":"http:\/\/desarrollo.grupomedios.com\/futbol\/wp-json\/wp\/v2\/posts\/384423\/revisions"}],"wp:featuredmedia":[{"embeddable":true,"href":"http:\/\/desarrollo.grupomedios.com\/futbol\/wp-json\/wp\/v2\/media\/384438"}],"wp:attachment":[{"href":"http:\/\/desarrollo.grupomedios.com\/futbol\/wp-json\/wp\/v2\/media?parent=384423"}],"wp:term":[{"taxonomy":"category","embeddable":true,"href":"http:\/\/desarrollo.grupomedios.com\/futbol\/wp-json\/wp\/v2\/categories?post=384423"},{"taxonomy":"post_tag","embeddable":true,"href":"http:\/\/desarrollo.grupomedios.com\/futbol\/wp-json\/wp\/v2\/tags?post=384423"}],"curies":[{"name":"wp","href":"https:\/\/api.w.org\/{rel}","templated":true}]}}