{"id":384451,"date":"2016-03-31T12:28:15","date_gmt":"2016-03-31T18:28:15","guid":{"rendered":"http:\/\/www.futboltotal.com.mx\/?p=384451"},"modified":"2016-03-31T12:30:39","modified_gmt":"2016-03-31T18:30:39","slug":"achille-emana-mvp-liga-adelante","status":"publish","type":"post","link":"http:\/\/desarrollo.grupomedios.com\/futbol\/futbol-internacional\/achille-emana-mvp-liga-adelante\/2016\/03","title":{"rendered":"Achille Eman\u00e1, figura en el futbol espa\u00f1ol"},"content":{"rendered":"<p>\u00bfLa Liga MX dej\u00f3 ir una joya extranjera? El mediocampista camerun\u00e9s, <strong>Achille Eman\u00e1<\/strong>, se consagr\u00f3 como el jugador con mayor relevancia no s\u00f3lo del Gimn\u00e1stic de Tarragona, sino de la <strong>Liga Adelante<\/strong> (Segunda Divisi\u00f3n de Espa\u00f1a) a tal grado que lo nombraron como el futbolista m\u00e1s valioso de marzo.<\/p>\n<p><a href=\"http:\/\/www.futboltotal.com.mx\/wp-content\/uploads\/2016\/03\/achille-emana-liga-espanola-mas-valioso-1.jpg\" rel=\"attachment wp-att-384452\"><img decoding=\"async\" loading=\"lazy\" class=\"alignnone size-full wp-image-384452\" src=\"http:\/\/www.futboltotal.com.mx\/wp-content\/uploads\/2016\/03\/achille-emana-liga-espanola-mas-valioso-1.jpg\" alt=\"achille-emana-liga-espanola-mas-valioso-1\" srcset=\"http:\/\/desarrollo.grupomedios.com\/futbol\/wp-content\/uploads\/2016\/03\/achille-emana-liga-espanola-mas-valioso-1.jpg 820w, http:\/\/desarrollo.grupomedios.com\/futbol\/wp-content\/uploads\/2016\/03\/achille-emana-liga-espanola-mas-valioso-1-300x128.jpg 300w, http:\/\/desarrollo.grupomedios.com\/futbol\/wp-content\/uploads\/2016\/03\/achille-emana-liga-espanola-mas-valioso-1-768x328.jpg 768w\" sizes=\"(max-width: 820px) 100vw, 820px\" \/><\/a><\/p>\n<p>El africano se consolid\u00f3 en el equipo donde ha sido clave para que se ubique en el tercer lugar con 51 unidades s\u00f3lo a tres de distancia del l\u00edder Legan\u00e9s.<\/p>\n<blockquote class=\"twitter-tweet\" data-lang=\"es\">\n<p dir=\"ltr\" lang=\"es\">Achille Eman\u00e1, elegido Mejor Jugador de la Liga Adelante en Marzo. <a href=\"https:\/\/t.co\/NWu05asSfz\">https:\/\/t.co\/NWu05asSfz<\/a> <a href=\"https:\/\/twitter.com\/hashtag\/LaLiga?src=hash\">#LaLiga<\/a> <a href=\"https:\/\/t.co\/EPRqZcN2Aq\">pic.twitter.com\/EPRqZcN2Aq<\/a><\/p>\n<p>\u2014 LaLiga (@LaLiga) <a href=\"https:\/\/twitter.com\/LaLiga\/status\/715561969303101441\">31 de marzo de 2016<\/a><\/p><\/blockquote>\n<p><script src=\"\/\/platform.twitter.com\/widgets.js\" async=\"\" charset=\"utf-8\"><\/script><\/p>\n<p><strong>Achille Eman\u00e1<\/strong> tuvo un breve paso por Cruz Azul (2013-14) donde no termin\u00f3 por convencer al cuerpo t\u00e9cnico pero un sector de la afici\u00f3n lo recuerda con cari\u00f1o, lo mismo con Atlante (2015) donde por lapsos se ech\u00f3 el equipo al hombro.<\/p>\n<p><span style=\"color: #ff0000;\"><strong>VIDEO<\/strong>: Futbolistas con apodo basado en otro futbolista<\/span><\/p>\n<p>[video_player]https:\/\/player.vimeo.com\/external\/160912139.sd.mp4?s=f473048c603c41d5e219c10d7ab8761f669f2cbb&amp;profile_id=165[\/video_player]<\/p>\n","protected":false},"excerpt":{"rendered":"<p>La Liga nombr\u00f3 al camerun\u00e9s el MVP de marzo<\/p>\n","protected":false},"author":20,"featured_media":384453,"comment_status":"closed","ping_status":"closed","sticky":false,"template":"","format":"standard","meta":[],"categories":[3839,3844],"tags":[6945],"_links":{"self":[{"href":"http:\/\/desarrollo.grupomedios.com\/futbol\/wp-json\/wp\/v2\/posts\/384451"}],"collection":[{"href":"http:\/\/desarrollo.grupomedios.com\/futbol\/wp-json\/wp\/v2\/posts"}],"about":[{"href":"http:\/\/desarrollo.grupomedios.com\/futbol\/wp-json\/wp\/v2\/types\/post"}],"author":[{"embeddable":true,"href":"http:\/\/desarrollo.grupomedios.com\/futbol\/wp-json\/wp\/v2\/users\/20"}],"replies":[{"embeddable":true,"href":"http:\/\/desarrollo.grupomedios.com\/futbol\/wp-json\/wp\/v2\/comments?post=384451"}],"version-history":[{"count":0,"href":"http:\/\/desarrollo.grupomedios.com\/futbol\/wp-json\/wp\/v2\/posts\/384451\/revisions"}],"wp:featuredmedia":[{"embeddable":true,"href":"http:\/\/desarrollo.grupomedios.com\/futbol\/wp-json\/wp\/v2\/media\/384453"}],"wp:attachment":[{"href":"http:\/\/desarrollo.grupomedios.com\/futbol\/wp-json\/wp\/v2\/media?parent=384451"}],"wp:term":[{"taxonomy":"category","embeddable":true,"href":"http:\/\/desarrollo.grupomedios.com\/futbol\/wp-json\/wp\/v2\/categories?post=384451"},{"taxonomy":"post_tag","embeddable":true,"href":"http:\/\/desarrollo.grupomedios.com\/futbol\/wp-json\/wp\/v2\/tags?post=384451"}],"curies":[{"name":"wp","href":"https:\/\/api.w.org\/{rel}","templated":true}]}}