{"id":384468,"date":"2016-03-31T12:51:09","date_gmt":"2016-03-31T18:51:09","guid":{"rendered":"http:\/\/www.futboltotal.com.mx\/?p=384468"},"modified":"2016-03-31T12:51:09","modified_gmt":"2016-03-31T18:51:09","slug":"vanessa-huppenkothen-la-belleza-dejo-la-tv","status":"publish","type":"post","link":"http:\/\/desarrollo.grupomedios.com\/futbol\/galerias\/vanessa-huppenkothen-la-belleza-dejo-la-tv\/2016\/03","title":{"rendered":"Vanessa Huppenkothen, la belleza que dej\u00f3 la TV"},"content":{"rendered":"<p>Durante a\u00f1os, la belleza de <strong>Vanessa Huppenkothen<\/strong> otorg\u00f3 felicidad en millones de familias que adem\u00e1s se deleitaban con sus comentarios sobre diversos deportes, sin embargo, <a href=\"http:\/\/www.futboltotal.com.mx\/2016\/03\/vanessa-huppenkothen-alberto-lati-televisa\/\" target=\"_blank\">la conductora termin\u00f3 su relaci\u00f3n con <strong>Televisa<\/strong><\/a> lo cual provoc\u00f3 la desilusi\u00f3n de sus fan\u00e1ticos.<\/p>\n<div id=\"galleryh1k\" style=\"display:none;\"><img alt=\"\" src=\"http:\/\/desarrollo.grupomedios.com\/futbol\/wp-content\/uploads\/2016\/03\/g-vanessa-huppenkothen-1.jpg\" data-image=\"http:\/\/desarrollo.grupomedios.com\/futbol\/wp-content\/uploads\/2016\/03\/g-vanessa-huppenkothen-1.jpg\" data-description=\"g-vanessa-huppenkothen-1\"><img alt=\"\" src=\"http:\/\/desarrollo.grupomedios.com\/futbol\/wp-content\/uploads\/2016\/03\/g-vanessa-huppenkothen-2.jpg\" data-image=\"http:\/\/desarrollo.grupomedios.com\/futbol\/wp-content\/uploads\/2016\/03\/g-vanessa-huppenkothen-2.jpg\" data-description=\"g-vanessa-huppenkothen-2\"><img alt=\"\" src=\"http:\/\/desarrollo.grupomedios.com\/futbol\/wp-content\/uploads\/2016\/03\/g-vanessa-huppenkothen-3.jpg\" data-image=\"http:\/\/desarrollo.grupomedios.com\/futbol\/wp-content\/uploads\/2016\/03\/g-vanessa-huppenkothen-3.jpg\" data-description=\"g-vanessa-huppenkothen-3\"><img alt=\"\" src=\"http:\/\/desarrollo.grupomedios.com\/futbol\/wp-content\/uploads\/2016\/03\/g-vanessa-huppenkothen-4.jpg\" data-image=\"http:\/\/desarrollo.grupomedios.com\/futbol\/wp-content\/uploads\/2016\/03\/g-vanessa-huppenkothen-4.jpg\" data-description=\"g-vanessa-huppenkothen-4\"><img alt=\"\" src=\"http:\/\/desarrollo.grupomedios.com\/futbol\/wp-content\/uploads\/2016\/03\/g-vanessa-huppenkothen-5.jpg\" data-image=\"http:\/\/desarrollo.grupomedios.com\/futbol\/wp-content\/uploads\/2016\/03\/g-vanessa-huppenkothen-5.jpg\" data-description=\"g-vanessa-huppenkothen-5\"><img alt=\"\" src=\"http:\/\/desarrollo.grupomedios.com\/futbol\/wp-content\/uploads\/2016\/03\/g-vanessa-huppenkothen-6.jpg\" data-image=\"http:\/\/desarrollo.grupomedios.com\/futbol\/wp-content\/uploads\/2016\/03\/g-vanessa-huppenkothen-6.jpg\" data-description=\"g-vanessa-huppenkothen-6\"><img alt=\"\" src=\"http:\/\/desarrollo.grupomedios.com\/futbol\/wp-content\/uploads\/2016\/03\/g-vanessa-huppenkothen-7.jpg\" data-image=\"http:\/\/desarrollo.grupomedios.com\/futbol\/wp-content\/uploads\/2016\/03\/g-vanessa-huppenkothen-7.jpg\" data-description=\"g-vanessa-huppenkothen-7\"><img alt=\"\" src=\"http:\/\/desarrollo.grupomedios.com\/futbol\/wp-content\/uploads\/2016\/03\/g-vanessa-huppenkothen-8.jpg\" data-image=\"http:\/\/desarrollo.grupomedios.com\/futbol\/wp-content\/uploads\/2016\/03\/g-vanessa-huppenkothen-8.jpg\" data-description=\"g-vanessa-huppenkothen-8\"><img alt=\"\" src=\"http:\/\/desarrollo.grupomedios.com\/futbol\/wp-content\/uploads\/2016\/03\/g-vanessa-huppenkothen-9.jpg\" data-image=\"http:\/\/desarrollo.grupomedios.com\/futbol\/wp-content\/uploads\/2016\/03\/g-vanessa-huppenkothen-9.jpg\" data-description=\"g-vanessa-huppenkothen-9\"><\/div>\n        <script>\n        \/\/galeria 1\n        jQuery(document).ready(function(){ \n            var api;\n            api = jQuery(\"#galleryh1k\").unitegallery({\n                carousel_autoplay: false\n            }); \n        });\n        <\/script>\n        \n","protected":false},"excerpt":{"rendered":"<p>La conductora termin\u00f3 su relaci\u00f3n con Televisa <\/p>\n","protected":false},"author":20,"featured_media":384480,"comment_status":"closed","ping_status":"closed","sticky":false,"template":"","format":"standard","meta":[],"categories":[6408,5422,3],"tags":[4166,2033],"_links":{"self":[{"href":"http:\/\/desarrollo.grupomedios.com\/futbol\/wp-json\/wp\/v2\/posts\/384468"}],"collection":[{"href":"http:\/\/desarrollo.grupomedios.com\/futbol\/wp-json\/wp\/v2\/posts"}],"about":[{"href":"http:\/\/desarrollo.grupomedios.com\/futbol\/wp-json\/wp\/v2\/types\/post"}],"author":[{"embeddable":true,"href":"http:\/\/desarrollo.grupomedios.com\/futbol\/wp-json\/wp\/v2\/users\/20"}],"replies":[{"embeddable":true,"href":"http:\/\/desarrollo.grupomedios.com\/futbol\/wp-json\/wp\/v2\/comments?post=384468"}],"version-history":[{"count":0,"href":"http:\/\/desarrollo.grupomedios.com\/futbol\/wp-json\/wp\/v2\/posts\/384468\/revisions"}],"wp:featuredmedia":[{"embeddable":true,"href":"http:\/\/desarrollo.grupomedios.com\/futbol\/wp-json\/wp\/v2\/media\/384480"}],"wp:attachment":[{"href":"http:\/\/desarrollo.grupomedios.com\/futbol\/wp-json\/wp\/v2\/media?parent=384468"}],"wp:term":[{"taxonomy":"category","embeddable":true,"href":"http:\/\/desarrollo.grupomedios.com\/futbol\/wp-json\/wp\/v2\/categories?post=384468"},{"taxonomy":"post_tag","embeddable":true,"href":"http:\/\/desarrollo.grupomedios.com\/futbol\/wp-json\/wp\/v2\/tags?post=384468"}],"curies":[{"name":"wp","href":"https:\/\/api.w.org\/{rel}","templated":true}]}}