{"id":384539,"date":"2016-04-01T10:00:19","date_gmt":"2016-04-01T16:00:19","guid":{"rendered":"http:\/\/www.futboltotal.com.mx\/?p=384539"},"modified":"2016-04-01T10:47:13","modified_gmt":"2016-04-01T16:47:13","slug":"11-ideal-futbolistas-jugaron-en-chivas-pumas","status":"publish","type":"post","link":"http:\/\/desarrollo.grupomedios.com\/futbol\/destacado-home\/11-ideal-futbolistas-jugaron-en-chivas-pumas\/2016\/04","title":{"rendered":"El 11 ideal de futbolistas que jugaron en Chivas y Pumas"},"content":{"rendered":"<p>Este domingo 3 de abril, <strong><a href=\"http:\/\/www.futboltotal.com.mx\/equipos\/guadalajara\/\" target=\"_blank\">Chivas<\/a><\/strong> recibe a <strong><a href=\"http:\/\/www.futboltotal.com.mx\/equipos\/unam\/\" target=\"_blank\">Pumas<\/a><\/strong> en Zapopan, Jalisco, en busca de respirar en la cuesti\u00f3n porcentual y acercarse a la salvaci\u00f3n, al menos, en este Clausura 2016; mientras que los visitantes, buscan cortar una racha de 34 a\u00f1os de no ganarle al <em>Reba\u00f1o Sagrado<\/em>, en territorio <em>Tapat\u00edo<\/em>.<\/p>\n<p>Por ello, para bajar los decibeles de una rivalidad que se engrandece entre ambos clubes, recordamos al 11 ideal de futbolistas que jugaron tanto en <strong>Chivas<\/strong> como en<br \/>\n<strong>Pumas<\/strong>.<\/p>\n<p style=\"text-align: center;\"><span style=\"color: #3366ff;\"><strong><a style=\"color: #3366ff;\" href=\"http:\/\/www.futboltotal.com.mx\/2016\/03\/pumas-responde-a-chivas-final-2004\/\" target=\"_blank\">LEER M\u00c1S: Pumas le responde al Reba\u00f1o<\/a><\/strong><\/span><\/p>\n<p><a href=\"http:\/\/www.futboltotal.com.mx\/wp-content\/uploads\/2016\/03\/ONCE_IDEAL_LIGA_MX-Futbolistas-que-jugaron-en-chivas-y-pumas.jpg\" rel=\"attachment wp-att-384547\"><img decoding=\"async\" loading=\"lazy\" class=\"alignnone size-full wp-image-384547\" src=\"http:\/\/www.futboltotal.com.mx\/wp-content\/uploads\/2016\/03\/ONCE_IDEAL_LIGA_MX-Futbolistas-que-jugaron-en-chivas-y-pumas.jpg\" alt=\"ONCE_IDEAL_LIGA_MX-Futbolistas-que-jugaron-en-chivas-y-pumas\" srcset=\"http:\/\/desarrollo.grupomedios.com\/futbol\/wp-content\/uploads\/2016\/03\/ONCE_IDEAL_LIGA_MX-Futbolistas-que-jugaron-en-chivas-y-pumas.jpg 1100w, http:\/\/desarrollo.grupomedios.com\/futbol\/wp-content\/uploads\/2016\/03\/ONCE_IDEAL_LIGA_MX-Futbolistas-que-jugaron-en-chivas-y-pumas-237x300.jpg 237w, http:\/\/desarrollo.grupomedios.com\/futbol\/wp-content\/uploads\/2016\/03\/ONCE_IDEAL_LIGA_MX-Futbolistas-que-jugaron-en-chivas-y-pumas-768x970.jpg 768w, http:\/\/desarrollo.grupomedios.com\/futbol\/wp-content\/uploads\/2016\/03\/ONCE_IDEAL_LIGA_MX-Futbolistas-que-jugaron-en-chivas-y-pumas-810x1024.jpg 810w\" sizes=\"(max-width: 1100px) 100vw, 1100px\" \/><\/a><\/p>\n<p><strong>Portero<\/strong> |\u00a0Enrique V\u00e1zquez del Mercado (Chivas, 1960-1969, 1970-1972; Pumas, 1975-1977)<\/p>\n<p><strong>Defensas<\/strong> |\u00a0Eduardo Medina (Chivas, 2000-2002; Pumas, 1992-1995), Claudio Su\u00e1rez (Chivas, 1996-2000; Pumas, 1988-1996), Juan de Dios Ram\u00edrez Perales (Chivas, 2001 ; Pumas, 1988-1994),\u00a0Israel L\u00f3pez (Chivas 2001-2002; Pumas, 1993-2001)<\/p>\n<p><strong>Medios<\/strong> |\u00a0Israel Castro (Chivas, 2014-2016; Pumas, 2002-2011),\u00a0Luis Ignacio Gonz\u00e1lez (Chivas, 2001; Pumas, 1999-2001, 2002-2005),\u00a0Gonzalo Pineda (Chivas, 2006-2009; Pumas, 2003-2005)<\/p>\n<p><strong>Delanteros<\/strong> |\u00a0Rafael M\u00e1rquez Lugo (Chivas, 2012-2015; Pumas, 2000-2002),\u00a0Luis Garc\u00eda Postigo (Chivas, 1998&#8211;1999; Pumas, 1983-1991), Francisco Palencia (Chivas, 2003-2005; Pumas, 2007-2011).<\/p>\n<p><span style=\"color: #ff0000;\"><strong>VIDEO<\/strong>: Agenda TV | Jornada 12 Clausura 2016<\/span><\/p>\n<p>[video_player]https:\/\/player.vimeo.com\/external\/160638591.hd.mp4?s=4dedf0c008cacbb4bf1503b16d5911e27e7b9e33&amp;profile_id=113[\/video_player]<\/p>\n","protected":false},"excerpt":{"rendered":"<p>Estos jugadores sobresalieron en ambos clubes<\/p>\n","protected":false},"author":20,"featured_media":384543,"comment_status":"closed","ping_status":"closed","sticky":false,"template":"","format":"standard","meta":[],"categories":[5,2198,3845],"tags":[5623,70,64,74],"_links":{"self":[{"href":"http:\/\/desarrollo.grupomedios.com\/futbol\/wp-json\/wp\/v2\/posts\/384539"}],"collection":[{"href":"http:\/\/desarrollo.grupomedios.com\/futbol\/wp-json\/wp\/v2\/posts"}],"about":[{"href":"http:\/\/desarrollo.grupomedios.com\/futbol\/wp-json\/wp\/v2\/types\/post"}],"author":[{"embeddable":true,"href":"http:\/\/desarrollo.grupomedios.com\/futbol\/wp-json\/wp\/v2\/users\/20"}],"replies":[{"embeddable":true,"href":"http:\/\/desarrollo.grupomedios.com\/futbol\/wp-json\/wp\/v2\/comments?post=384539"}],"version-history":[{"count":0,"href":"http:\/\/desarrollo.grupomedios.com\/futbol\/wp-json\/wp\/v2\/posts\/384539\/revisions"}],"wp:featuredmedia":[{"embeddable":true,"href":"http:\/\/desarrollo.grupomedios.com\/futbol\/wp-json\/wp\/v2\/media\/384543"}],"wp:attachment":[{"href":"http:\/\/desarrollo.grupomedios.com\/futbol\/wp-json\/wp\/v2\/media?parent=384539"}],"wp:term":[{"taxonomy":"category","embeddable":true,"href":"http:\/\/desarrollo.grupomedios.com\/futbol\/wp-json\/wp\/v2\/categories?post=384539"},{"taxonomy":"post_tag","embeddable":true,"href":"http:\/\/desarrollo.grupomedios.com\/futbol\/wp-json\/wp\/v2\/tags?post=384539"}],"curies":[{"name":"wp","href":"https:\/\/api.w.org\/{rel}","templated":true}]}}