{"id":384563,"date":"2016-03-31T16:07:57","date_gmt":"2016-03-31T22:07:57","guid":{"rendered":"http:\/\/www.futboltotal.com.mx\/?p=384563"},"modified":"2016-03-31T16:07:57","modified_gmt":"2016-03-31T22:07:57","slug":"leyenda-del-barcelona-posa-en-polemicas-fotos","status":"publish","type":"post","link":"http:\/\/desarrollo.grupomedios.com\/futbol\/futbol-internacional\/leyenda-del-barcelona-posa-en-polemicas-fotos\/2016\/03","title":{"rendered":"Leyenda del Barcelona posa en pol\u00e9micas fotos"},"content":{"rendered":"<p>La leyenda b\u00falgara e \u00eddolo del <strong>Barcelona<\/strong>, <strong>Hristo Stoichkov<\/strong>, se meti\u00f3 en el ojo del hurac\u00e1n luego de aparecer en algunas fotograf\u00edas donde presumi\u00f3 la caza que le dio animales como jirafas y zebras en un safari de Sud\u00e1frica.<\/p>\n<p><a href=\"http:\/\/www.futboltotal.com.mx\/wp-content\/uploads\/2016\/03\/hristo-stoichkov-caza-barcelona-1.jpg\" rel=\"attachment wp-att-384564\"><img decoding=\"async\" loading=\"lazy\" class=\"alignnone size-full wp-image-384564\" src=\"http:\/\/www.futboltotal.com.mx\/wp-content\/uploads\/2016\/03\/hristo-stoichkov-caza-barcelona-1.jpg\" alt=\"hristo-stoichkov-caza-barcelona-1\" srcset=\"http:\/\/desarrollo.grupomedios.com\/futbol\/wp-content\/uploads\/2016\/03\/hristo-stoichkov-caza-barcelona-1.jpg 750w, http:\/\/desarrollo.grupomedios.com\/futbol\/wp-content\/uploads\/2016\/03\/hristo-stoichkov-caza-barcelona-1-300x225.jpg 300w\" sizes=\"(max-width: 750px) 100vw, 750px\" \/><\/a><\/p>\n<p>El ex futbolista aparece con los cad\u00e1veres de los animales, algunos de ellos est\u00e1n en peligro de extinci\u00f3n lo cual increment\u00f3 la pol\u00e9mica en redes sociales, donde miles de usuarios condenaron los hechos.<\/p>\n<p>El portal <em>Mebenca Afrika<\/em> fue el que devel\u00f3 las im\u00e1genes que fueron tomadas en la provincia de Limpopo en una reserva natural, aunque se desconoce la fecha exacta de las fotos.<\/p>\n<p><a href=\"http:\/\/www.futboltotal.com.mx\/wp-content\/uploads\/2016\/03\/hristo-stoichkov-caza-barcelona-2.jpg\" rel=\"attachment wp-att-384565\"><img decoding=\"async\" loading=\"lazy\" class=\"alignnone size-full wp-image-384565\" src=\"http:\/\/www.futboltotal.com.mx\/wp-content\/uploads\/2016\/03\/hristo-stoichkov-caza-barcelona-2.jpg\" alt=\"hristo-stoichkov-caza-barcelona-2\" srcset=\"http:\/\/desarrollo.grupomedios.com\/futbol\/wp-content\/uploads\/2016\/03\/hristo-stoichkov-caza-barcelona-2.jpg 572w, http:\/\/desarrollo.grupomedios.com\/futbol\/wp-content\/uploads\/2016\/03\/hristo-stoichkov-caza-barcelona-2-300x226.jpg 300w\" sizes=\"(max-width: 572px) 100vw, 572px\" \/><\/a><\/p>\n<p><strong>Hristo Stoichkov<\/strong> fue un estandarte para la selecci\u00f3n de Bulgaria y a nivel de clubes se le recuerda con la playera del <strong>Barcelona<\/strong> (1990-98), adem\u00e1s que en 1994 gan\u00f3 el Bal\u00f3n de Oro.<\/p>\n<p><span style=\"color: #ff0000;\"><strong>VIDEO<\/strong>: Futbolistas con apodo basado en otro futbolista<\/span><\/p>\n<p>[video_player]https:\/\/player.vimeo.com\/external\/160912139.sd.mp4?s=f473048c603c41d5e219c10d7ab8761f669f2cbb&amp;profile_id=165[\/video_player]<\/p>\n","protected":false},"excerpt":{"rendered":"<p>Hristo Stoichkov dio caza a animales en peligro de extinci\u00f3n <\/p>\n","protected":false},"author":20,"featured_media":384566,"comment_status":"closed","ping_status":"closed","sticky":false,"template":"","format":"standard","meta":[],"categories":[5419,3839,5418],"tags":[6214,5771],"_links":{"self":[{"href":"http:\/\/desarrollo.grupomedios.com\/futbol\/wp-json\/wp\/v2\/posts\/384563"}],"collection":[{"href":"http:\/\/desarrollo.grupomedios.com\/futbol\/wp-json\/wp\/v2\/posts"}],"about":[{"href":"http:\/\/desarrollo.grupomedios.com\/futbol\/wp-json\/wp\/v2\/types\/post"}],"author":[{"embeddable":true,"href":"http:\/\/desarrollo.grupomedios.com\/futbol\/wp-json\/wp\/v2\/users\/20"}],"replies":[{"embeddable":true,"href":"http:\/\/desarrollo.grupomedios.com\/futbol\/wp-json\/wp\/v2\/comments?post=384563"}],"version-history":[{"count":0,"href":"http:\/\/desarrollo.grupomedios.com\/futbol\/wp-json\/wp\/v2\/posts\/384563\/revisions"}],"wp:featuredmedia":[{"embeddable":true,"href":"http:\/\/desarrollo.grupomedios.com\/futbol\/wp-json\/wp\/v2\/media\/384566"}],"wp:attachment":[{"href":"http:\/\/desarrollo.grupomedios.com\/futbol\/wp-json\/wp\/v2\/media?parent=384563"}],"wp:term":[{"taxonomy":"category","embeddable":true,"href":"http:\/\/desarrollo.grupomedios.com\/futbol\/wp-json\/wp\/v2\/categories?post=384563"},{"taxonomy":"post_tag","embeddable":true,"href":"http:\/\/desarrollo.grupomedios.com\/futbol\/wp-json\/wp\/v2\/tags?post=384563"}],"curies":[{"name":"wp","href":"https:\/\/api.w.org\/{rel}","templated":true}]}}