{"id":384570,"date":"2016-03-31T16:37:27","date_gmt":"2016-03-31T22:37:27","guid":{"rendered":"http:\/\/www.futboltotal.com.mx\/?p=384570"},"modified":"2016-03-31T16:37:27","modified_gmt":"2016-03-31T22:37:27","slug":"ter-stegen-portero-quiere-guardiola-manchester-city","status":"publish","type":"post","link":"http:\/\/desarrollo.grupomedios.com\/futbol\/futbol-internacional\/ter-stegen-portero-quiere-guardiola-manchester-city\/2016\/03","title":{"rendered":"El portero que quiere Guardiola para el City"},"content":{"rendered":"<p>Los rumores empiezan a inundar los m\u00e1s prestigiosos diarios deportivos del mundo y el Manchester City, uno de los equipos m\u00e1s poderosos econ\u00f3micamente, empieza a sondear a sus posibles compras de cara al pr\u00f3ximo verano.<\/p>\n<p>Confirmado <strong>Pep Guardiola<\/strong> como el t\u00e9cnico de los <em>Sky Blues<\/em> para la futura campa\u00f1a y con el exilio de Willy Caballero inminente, se valora la presencia de un arquero que compita por el puesto titular con Joe Hart y, en el horizonte aparece un arquero alem\u00e1n: <strong>Andr\u00e9 Ter Stegen<\/strong>.<\/p>\n<p style=\"text-align: center;\"><strong><span style=\"color: #3366ff;\"><a style=\"color: #3366ff;\" href=\"http:\/\/www.futboltotal.com.mx\/2016\/03\/los-golazos-taquito-en-dia-internacional-del-taco\/\">LEER M\u00c1S: Chicharito, representante azteca en los goles de taquito<\/a><\/span><\/strong><\/p>\n<p><a href=\"http:\/\/www.futboltotal.com.mx\/wp-content\/uploads\/2016\/03\/Ter-Stegen.jpg\" rel=\"attachment wp-att-384574\"><img decoding=\"async\" loading=\"lazy\" class=\"alignnone size-full wp-image-384574\" src=\"http:\/\/www.futboltotal.com.mx\/wp-content\/uploads\/2016\/03\/Ter-Stegen.jpg\" alt=\"Ter Stegen\" srcset=\"http:\/\/desarrollo.grupomedios.com\/futbol\/wp-content\/uploads\/2016\/03\/Ter-Stegen.jpg 820w, http:\/\/desarrollo.grupomedios.com\/futbol\/wp-content\/uploads\/2016\/03\/Ter-Stegen-300x128.jpg 300w, http:\/\/desarrollo.grupomedios.com\/futbol\/wp-content\/uploads\/2016\/03\/Ter-Stegen-768x328.jpg 768w\" sizes=\"(max-width: 820px) 100vw, 820px\" \/><\/a><\/p>\n<p>De acuerdo a <em>Telegraph<\/em>, el guardameta de 23 a\u00f1os es una de las peticiones de <strong>Guardiola<\/strong> para su proyecto en la <strong><span style=\"color: #3366ff;\"><a style=\"color: #3366ff;\" href=\"http:\/\/www.futboltotal.com.mx\/estadisticas\/estadisticas-liga-de-inglaterra\/\">Premier League<\/a><\/span><\/strong>.\u00a0El rotativo inclusive abunda en la cifra que el City abonar\u00eda por los servicios de <strong>Ter Stegen<\/strong>\u00a020 millones de libras (unos 25 millones de euros).<\/p>\n<p>Pero <strong>Ter Stegen<\/strong> no solo es pretendido por el City, tambi\u00e9n\u00a0Klopp lo contempla como una opci\u00f3n interesante para la porter\u00eda del Liverpool tras las inconsistencias de Simon Mignolet en el arco.<\/p>\n<p>&nbsp;<\/p>\n","protected":false},"excerpt":{"rendered":"<p>El cancerbero alem\u00e1n es pretendido para el futuro curso <\/p>\n","protected":false},"author":20,"featured_media":384571,"comment_status":"closed","ping_status":"closed","sticky":false,"template":"","format":"standard","meta":[],"categories":[3839,3846,5951],"tags":[5993,1791,2933],"_links":{"self":[{"href":"http:\/\/desarrollo.grupomedios.com\/futbol\/wp-json\/wp\/v2\/posts\/384570"}],"collection":[{"href":"http:\/\/desarrollo.grupomedios.com\/futbol\/wp-json\/wp\/v2\/posts"}],"about":[{"href":"http:\/\/desarrollo.grupomedios.com\/futbol\/wp-json\/wp\/v2\/types\/post"}],"author":[{"embeddable":true,"href":"http:\/\/desarrollo.grupomedios.com\/futbol\/wp-json\/wp\/v2\/users\/20"}],"replies":[{"embeddable":true,"href":"http:\/\/desarrollo.grupomedios.com\/futbol\/wp-json\/wp\/v2\/comments?post=384570"}],"version-history":[{"count":0,"href":"http:\/\/desarrollo.grupomedios.com\/futbol\/wp-json\/wp\/v2\/posts\/384570\/revisions"}],"wp:featuredmedia":[{"embeddable":true,"href":"http:\/\/desarrollo.grupomedios.com\/futbol\/wp-json\/wp\/v2\/media\/384571"}],"wp:attachment":[{"href":"http:\/\/desarrollo.grupomedios.com\/futbol\/wp-json\/wp\/v2\/media?parent=384570"}],"wp:term":[{"taxonomy":"category","embeddable":true,"href":"http:\/\/desarrollo.grupomedios.com\/futbol\/wp-json\/wp\/v2\/categories?post=384570"},{"taxonomy":"post_tag","embeddable":true,"href":"http:\/\/desarrollo.grupomedios.com\/futbol\/wp-json\/wp\/v2\/tags?post=384570"}],"curies":[{"name":"wp","href":"https:\/\/api.w.org\/{rel}","templated":true}]}}