{"id":384744,"date":"2016-04-02T08:00:24","date_gmt":"2016-04-02T14:00:24","guid":{"rendered":"http:\/\/www.futboltotal.com.mx\/?p=384744"},"modified":"2016-04-02T12:08:41","modified_gmt":"2016-04-02T18:08:41","slug":"las-hijas-los-tecnicos-la-liga-mx","status":"publish","type":"post","link":"http:\/\/desarrollo.grupomedios.com\/futbol\/galerias\/las-hijas-los-tecnicos-la-liga-mx\/2016\/04","title":{"rendered":"Las hijas de los t\u00e9cnicos de la Liga MX"},"content":{"rendered":"<p>Este 2 de abril,\u00a0<strong>Antonio Mohamed<\/strong>\u00a0cumple 45 a\u00f1os, y hay que recordar, que el estratega tiene una de hija muy guapa y que es sensaci\u00f3n en <strong><a href=\"http:\/\/futboltotal.com.mx\/equipos\/monterrey\/\" target=\"_blank\">Monterrey<\/a><\/strong> por su notable hermosura.<\/p>\n<p>Pero<strong>\u00a0<\/strong>el <em>Turco<\/em> no es el \u00fanico entrenador en dirigir en M\u00e9xico, que tiene una hija f\u00edsicamente preciosa, pues adem\u00e1s de \u00e9l, Jes\u00fas Bracamontes, V\u00edctor Manuel Vucetich y Alberto Guerra y Ricardo La Volpe \u00a0engendraron \u00e1ngeles que a continuaci\u00f3n puedes ver.<\/p>\n<div id=\"gallerym9g\" style=\"display:none;\"><img alt=\"Diana Vucetich, hija de V\u00edctor Manuel Vucetich\" src=\"http:\/\/desarrollo.grupomedios.com\/futbol\/wp-content\/uploads\/2016\/04\/hijas-liga-mx-diana-vuctich1.jpg\" data-image=\"http:\/\/desarrollo.grupomedios.com\/futbol\/wp-content\/uploads\/2016\/04\/hijas-liga-mx-diana-vuctich1.jpg\" data-description=\"hijas-liga-mx-diana-vuctich1\"><img alt=\"Diana Vucetich, hija de V\u00edctor Manuel Vucetich\" src=\"http:\/\/desarrollo.grupomedios.com\/futbol\/wp-content\/uploads\/2016\/04\/hijas-liga-mx-diana-vuctich2.jpg\" data-image=\"http:\/\/desarrollo.grupomedios.com\/futbol\/wp-content\/uploads\/2016\/04\/hijas-liga-mx-diana-vuctich2.jpg\" data-description=\"hijas-liga-mx-diana-vuctich2\"><img alt=\"Ely Guerra, hija de Alberto Guerra\" src=\"http:\/\/desarrollo.grupomedios.com\/futbol\/wp-content\/uploads\/2016\/04\/hijas-liga-mx-ely-guerra-1.jpg\" data-image=\"http:\/\/desarrollo.grupomedios.com\/futbol\/wp-content\/uploads\/2016\/04\/hijas-liga-mx-ely-guerra-1.jpg\" data-description=\"hijas-liga-mx-ely-guerra-1\"><img alt=\"Ely Guerra, hija de Alberto Guerra\" src=\"http:\/\/desarrollo.grupomedios.com\/futbol\/wp-content\/uploads\/2016\/04\/hijas-liga-mx-ely-guerra-2.jpg\" data-image=\"http:\/\/desarrollo.grupomedios.com\/futbol\/wp-content\/uploads\/2016\/04\/hijas-liga-mx-ely-guerra-2.jpg\" data-description=\"hijas-liga-mx-ely-guerra-2\"><img alt=\"Mayra Mohamed, hija de Antonio Mohamed.\" src=\"http:\/\/desarrollo.grupomedios.com\/futbol\/wp-content\/uploads\/2016\/04\/hijas-liga-mx-mayra-mohamed-1.jpg\" data-image=\"http:\/\/desarrollo.grupomedios.com\/futbol\/wp-content\/uploads\/2016\/04\/hijas-liga-mx-mayra-mohamed-1.jpg\" data-description=\"hijas-liga-mx-mayra-mohamed-1\"><img alt=\"Mayra Mohamed, hija de Antonio Mohamed.\" src=\"http:\/\/desarrollo.grupomedios.com\/futbol\/wp-content\/uploads\/2016\/04\/hijas-liga-mx-mayra-mohamed-2.jpg\" data-image=\"http:\/\/desarrollo.grupomedios.com\/futbol\/wp-content\/uploads\/2016\/04\/hijas-liga-mx-mayra-mohamed-2.jpg\" data-description=\"hijas-liga-mx-mayra-mohamed-2\"><img alt=\"Sabrina La Volpe, hija de Ricardo La Volpe. \" src=\"http:\/\/desarrollo.grupomedios.com\/futbol\/wp-content\/uploads\/2016\/04\/hijas-liga-mx-sabrina-la-volpe-1.jpg\" data-image=\"http:\/\/desarrollo.grupomedios.com\/futbol\/wp-content\/uploads\/2016\/04\/hijas-liga-mx-sabrina-la-volpe-1.jpg\" data-description=\"hijas-liga-mx-sabrina-la-volpe-1\"><img alt=\"Sabrina La Volpe, hija de Ricardo La Volpe. \" src=\"http:\/\/desarrollo.grupomedios.com\/futbol\/wp-content\/uploads\/2016\/04\/hijas-liga-mx-sabrina-la-volpe-2.jpg\" data-image=\"http:\/\/desarrollo.grupomedios.com\/futbol\/wp-content\/uploads\/2016\/04\/hijas-liga-mx-sabrina-la-volpe-2.jpg\" data-description=\"hijas-liga-mx-sabrina-la-volpe-2\"><img alt=\"Jacquelines Bracamontes, hija de Jes\u00fas Bracamontes. \" src=\"http:\/\/desarrollo.grupomedios.com\/futbol\/wp-content\/uploads\/2016\/04\/hijas-liga-mx-bracamontes-2.jpg\" data-image=\"http:\/\/desarrollo.grupomedios.com\/futbol\/wp-content\/uploads\/2016\/04\/hijas-liga-mx-bracamontes-2.jpg\" data-description=\"hijas-liga-mx-bracamontes-2\"><\/div>\n        <script>\n        \/\/galeria 1\n        jQuery(document).ready(function(){ \n            var api;\n            api = jQuery(\"#gallerym9g\").unitegallery({\n                carousel_autoplay: false\n            }); \n        });\n        <\/script>\n        \n","protected":false},"excerpt":{"rendered":"<p>Varios estrategas del balompi\u00e9 nacional tienen hermosas descendientes<\/p>\n","protected":false},"author":20,"featured_media":384746,"comment_status":"closed","ping_status":"closed","sticky":false,"template":"","format":"standard","meta":[],"categories":[5419,6408,5422,3],"tags":[4166,2033],"_links":{"self":[{"href":"http:\/\/desarrollo.grupomedios.com\/futbol\/wp-json\/wp\/v2\/posts\/384744"}],"collection":[{"href":"http:\/\/desarrollo.grupomedios.com\/futbol\/wp-json\/wp\/v2\/posts"}],"about":[{"href":"http:\/\/desarrollo.grupomedios.com\/futbol\/wp-json\/wp\/v2\/types\/post"}],"author":[{"embeddable":true,"href":"http:\/\/desarrollo.grupomedios.com\/futbol\/wp-json\/wp\/v2\/users\/20"}],"replies":[{"embeddable":true,"href":"http:\/\/desarrollo.grupomedios.com\/futbol\/wp-json\/wp\/v2\/comments?post=384744"}],"version-history":[{"count":0,"href":"http:\/\/desarrollo.grupomedios.com\/futbol\/wp-json\/wp\/v2\/posts\/384744\/revisions"}],"wp:featuredmedia":[{"embeddable":true,"href":"http:\/\/desarrollo.grupomedios.com\/futbol\/wp-json\/wp\/v2\/media\/384746"}],"wp:attachment":[{"href":"http:\/\/desarrollo.grupomedios.com\/futbol\/wp-json\/wp\/v2\/media?parent=384744"}],"wp:term":[{"taxonomy":"category","embeddable":true,"href":"http:\/\/desarrollo.grupomedios.com\/futbol\/wp-json\/wp\/v2\/categories?post=384744"},{"taxonomy":"post_tag","embeddable":true,"href":"http:\/\/desarrollo.grupomedios.com\/futbol\/wp-json\/wp\/v2\/tags?post=384744"}],"curies":[{"name":"wp","href":"https:\/\/api.w.org\/{rel}","templated":true}]}}