{"id":384817,"date":"2016-04-01T23:44:19","date_gmt":"2016-04-02T05:44:19","guid":{"rendered":"http:\/\/www.futboltotal.com.mx\/?p=384817"},"modified":"2016-04-01T23:45:58","modified_gmt":"2016-04-02T05:45:58","slug":"resultado-liga-mx-veracruz-0-0-dorados","status":"publish","type":"post","link":"http:\/\/desarrollo.grupomedios.com\/futbol\/destacado-home\/resultado-liga-mx-veracruz-0-0-dorados\/2016\/04","title":{"rendered":"Dorados empata y pone media firma en el descenso"},"content":{"rendered":"<p><strong><a href=\"http:\/\/www.futboltotal.com.mx\/equipos\/dorados-de-sinaloa\/\" target=\"_blank\">Dorados<\/a><\/strong> se ahoga en un vaso de agua, pues a pesar de enfrentarse a uno de los peores equipos del semestre como lo es <strong><a href=\"http:\/\/futboltotal.com.mx\/equipos\/veracruz\/\" target=\"_blank\">Veracruz<\/a><\/strong>, el conjunto sinaloense fue incapaz de ganar en la <strong>jornada 12<\/strong> del <strong>Clausura 2016<\/strong> y con el empate 0-0 los pupilos de Jos\u00e9 Guadalupe Cruz tienen media firma en el <strong><a href=\"http:\/\/www.futboltotal.com.mx\/estadisticas\/estadisticas-liga-mx\/\" target=\"_blank\">descenso<\/a><\/strong>.<\/p>\n<p>La fiesta en el Estadio Luis <em>Pirata<\/em> Fuente no termin\u00f3 por explotar ante la ausencia de anotaciones, sin embargo, hubo oportunidades en ambas porter\u00edas, pero Milton Caraglio y Yimmi Char\u00e1 siguen en el tenor de no echarse el grupo al hombro y por ello el <em>Gran Pez<\/em>\u00a0se muere de nada.<\/p>\n<p>Tras la igualada, <strong>Veracruz<\/strong> es decimosexto con 10 unidades, mientras que <strong>Dorados<\/strong> es \u00faltimo con ocho puntos, pero su mayor preocupaci\u00f3n es la tabla de cociente con 0.7931<\/p>\n<div id=\"galleryHhz\" style=\"display:none;\"><img alt=\"\" src=\"http:\/\/desarrollo.grupomedios.com\/futbol\/wp-content\/uploads\/2016\/04\/veracruz-vs-dorados-descenso-liga-mx-1.jpg\" data-image=\"http:\/\/desarrollo.grupomedios.com\/futbol\/wp-content\/uploads\/2016\/04\/veracruz-vs-dorados-descenso-liga-mx-1.jpg\" data-description=\"veracruz-vs-dorados-descenso-liga-mx-1\"><img alt=\"\" src=\"http:\/\/desarrollo.grupomedios.com\/futbol\/wp-content\/uploads\/2016\/04\/veracruz-vs-dorados-descenso-liga-mx-2.jpg\" data-image=\"http:\/\/desarrollo.grupomedios.com\/futbol\/wp-content\/uploads\/2016\/04\/veracruz-vs-dorados-descenso-liga-mx-2.jpg\" data-description=\"veracruz-vs-dorados-descenso-liga-mx-2\"><img alt=\"\" src=\"http:\/\/desarrollo.grupomedios.com\/futbol\/wp-content\/uploads\/2016\/04\/veracruz-vs-dorados-descenso-liga-mx-3.jpg\" data-image=\"http:\/\/desarrollo.grupomedios.com\/futbol\/wp-content\/uploads\/2016\/04\/veracruz-vs-dorados-descenso-liga-mx-3.jpg\" data-description=\"veracruz-vs-dorados-descenso-liga-mx-3\"><img alt=\"\" src=\"http:\/\/desarrollo.grupomedios.com\/futbol\/wp-content\/uploads\/2016\/04\/veracruz-vs-dorados-descenso-liga-mx-4.jpg\" data-image=\"http:\/\/desarrollo.grupomedios.com\/futbol\/wp-content\/uploads\/2016\/04\/veracruz-vs-dorados-descenso-liga-mx-4.jpg\" data-description=\"veracruz-vs-dorados-descenso-liga-mx-4\"><img alt=\"\" src=\"http:\/\/desarrollo.grupomedios.com\/futbol\/wp-content\/uploads\/2016\/04\/veracruz-vs-dorados-descenso-liga-mx-5.jpg\" data-image=\"http:\/\/desarrollo.grupomedios.com\/futbol\/wp-content\/uploads\/2016\/04\/veracruz-vs-dorados-descenso-liga-mx-5.jpg\" data-description=\"veracruz-vs-dorados-descenso-liga-mx-5\"><\/div>\n        <script>\n        \/\/galeria 1\n        jQuery(document).ready(function(){ \n            var api;\n            api = jQuery(\"#galleryHhz\").unitegallery({\n                carousel_autoplay: false\n            }); \n        });\n        <\/script>\n        \n<p>Alineaci\u00f3n <strong>Veracruz<\/strong>:\u00a0Melit\u00f3n Hern\u00e1ndez, D\u00e1rvin Ch\u00e1vez, Horacio Cervantes, Leobardo L\u00f3pez, Jes\u00fas Paganoni, Hugo Cid, Alan Zamora (Gabriel Pe\u00f1alba 45\u2019), Fernando Meneses, Daniel Villalva, Juan Alb\u00edn, Julio Furch. DT: Carlos Reinoso.<\/p>\n<p>Alineaci\u00f3n <strong>Dorados<\/strong>:\u00a0Luis Michel, N\u00e9stor Vidrio, Severo Meza, Daniel Arreola, Jairo Gonz\u00e1lez (Joe Corona 63\u2019), Javier Salas (Mart\u00edn Z\u00fa\u00f1iga 86&#8242;), Yimmi Chara, Wilson Morelo, Milton Caraglio, Freddy Martin (Fernando Arce 69\u2019), Jes\u00fas Garc\u00eda. DT: Jos\u00e9 Guadalupe Cruz.<\/p>\n<p>\u00c1rbitro:\u00a0Luis Enrique Santander.<\/p>\n<p><iframe loading=\"lazy\" src=\"https:\/\/www.youtube.com\/embed\/DVzRiLDKlhk\" frameborder=\"0\" allowfullscreen=\"allowfullscreen\"><\/iframe><\/p>\n<p style=\"text-align: center;\"><span style=\"color: #3366ff;\"><strong><a style=\"color: #3366ff;\" href=\"http:\/\/www.futboltotal.com.mx\/2016\/04\/en-vivo-veracruz-vs-dorados-liga-mx\/\" target=\"_blank\">As\u00ed se vivi\u00f3 el Veracruz vs. Dorados<\/a><\/strong><\/span><\/p>\n","protected":false},"excerpt":{"rendered":"<p>El Gran Pez igual\u00f3 a ceros con Veracruz <\/p>\n","protected":false},"author":20,"featured_media":384828,"comment_status":"closed","ping_status":"closed","sticky":false,"template":"","format":"standard","meta":[],"categories":[5,2198,3845],"tags":[2098,759,6049],"_links":{"self":[{"href":"http:\/\/desarrollo.grupomedios.com\/futbol\/wp-json\/wp\/v2\/posts\/384817"}],"collection":[{"href":"http:\/\/desarrollo.grupomedios.com\/futbol\/wp-json\/wp\/v2\/posts"}],"about":[{"href":"http:\/\/desarrollo.grupomedios.com\/futbol\/wp-json\/wp\/v2\/types\/post"}],"author":[{"embeddable":true,"href":"http:\/\/desarrollo.grupomedios.com\/futbol\/wp-json\/wp\/v2\/users\/20"}],"replies":[{"embeddable":true,"href":"http:\/\/desarrollo.grupomedios.com\/futbol\/wp-json\/wp\/v2\/comments?post=384817"}],"version-history":[{"count":0,"href":"http:\/\/desarrollo.grupomedios.com\/futbol\/wp-json\/wp\/v2\/posts\/384817\/revisions"}],"wp:featuredmedia":[{"embeddable":true,"href":"http:\/\/desarrollo.grupomedios.com\/futbol\/wp-json\/wp\/v2\/media\/384828"}],"wp:attachment":[{"href":"http:\/\/desarrollo.grupomedios.com\/futbol\/wp-json\/wp\/v2\/media?parent=384817"}],"wp:term":[{"taxonomy":"category","embeddable":true,"href":"http:\/\/desarrollo.grupomedios.com\/futbol\/wp-json\/wp\/v2\/categories?post=384817"},{"taxonomy":"post_tag","embeddable":true,"href":"http:\/\/desarrollo.grupomedios.com\/futbol\/wp-json\/wp\/v2\/tags?post=384817"}],"curies":[{"name":"wp","href":"https:\/\/api.w.org\/{rel}","templated":true}]}}