{"id":384862,"date":"2016-04-02T09:45:49","date_gmt":"2016-04-02T15:45:49","guid":{"rendered":"http:\/\/www.futboltotal.com.mx\/?p=384862"},"modified":"2016-04-02T15:34:01","modified_gmt":"2016-04-02T21:34:01","slug":"chilena-espectacular-ribery-marco-fabian-presencio-en-la-tribuna","status":"publish","type":"post","link":"http:\/\/desarrollo.grupomedios.com\/futbol\/destacado-home\/chilena-espectacular-ribery-marco-fabian-presencio-en-la-tribuna\/2016\/04","title":{"rendered":"Chilena de Rib\u00e9ry que Marco Fabi\u00e1n observ\u00f3 en tribuna"},"content":{"rendered":"<p>La jornada 28 de la Bundesliga ya tiene a un ganador en la contienda por mejor gol. En el Allianz Arena el <strong>Bayern Munich<\/strong> recibi\u00f3 al Eintracht Frankfurt, en problemas de descenso y con <strong>Marco Fabi\u00e1n<\/strong> en la tribuna por decisi\u00f3n de Niko Kovac.<\/p>\n<p style=\"text-align: center;\"><span style=\"color: #3366ff;\"><a style=\"color: #3366ff;\" href=\"http:\/\/www.futboltotal.com.mx\/2016\/04\/marco-fabian-eludiria-descenso\/\">LEER M\u00c1S: Marco Fabi\u00e1n eludir\u00eda el descenso pero no su equipo<\/a><\/span><\/p>\n<p>Poco hubo que contar en un partido en el cual <strong>Bayern Munich<\/strong> administr\u00f3 al m\u00e1ximo sus reservas de cara al duelo que sostendr\u00e1n el pr\u00f3ximo martes de Champions League ante el Benfica. Solo un chispazo hizo trabajar al marcador electr\u00f3nico y eso vali\u00f3 para la victoria del l\u00edder de la Bundesliga por la m\u00ednima, ante Eintracht Frankfurt que sigue en serios problemas de descender a solo seis fechas de que culmine el certamen.<\/p>\n<p><em>Las \u00c1guilas<\/em> marchan en la posici\u00f3n 17 de la competencia, misma que da acceso a la Bundesliga 2. Cuenta con la esperanza de que por encima se encuentra el Hoffenheim y Augsburg con las mimsas 27 unidades, adem\u00e1s de Werder Bremen (28) y Darmstadt (29) entre los inmiscuidos en la lucha por la permanencia.<\/p>\n<p><iframe loading=\"lazy\" src=\"https:\/\/www.youtube.com\/embed\/UqWwInjU8qs\" frameborder=\"0\" allowfullscreen=\"allowfullscreen\"><\/iframe><\/p>\n<p style=\"text-align: center;\">\n","protected":false},"excerpt":{"rendered":"<p>El mexicano no fue convocado por Niko Kovac <\/p>\n","protected":false},"author":20,"featured_media":384863,"comment_status":"closed","ping_status":"closed","sticky":false,"template":"","format":"standard","meta":[],"categories":[5,3839,6822,6718],"tags":[2056,119,3588,3679,131],"_links":{"self":[{"href":"http:\/\/desarrollo.grupomedios.com\/futbol\/wp-json\/wp\/v2\/posts\/384862"}],"collection":[{"href":"http:\/\/desarrollo.grupomedios.com\/futbol\/wp-json\/wp\/v2\/posts"}],"about":[{"href":"http:\/\/desarrollo.grupomedios.com\/futbol\/wp-json\/wp\/v2\/types\/post"}],"author":[{"embeddable":true,"href":"http:\/\/desarrollo.grupomedios.com\/futbol\/wp-json\/wp\/v2\/users\/20"}],"replies":[{"embeddable":true,"href":"http:\/\/desarrollo.grupomedios.com\/futbol\/wp-json\/wp\/v2\/comments?post=384862"}],"version-history":[{"count":0,"href":"http:\/\/desarrollo.grupomedios.com\/futbol\/wp-json\/wp\/v2\/posts\/384862\/revisions"}],"wp:featuredmedia":[{"embeddable":true,"href":"http:\/\/desarrollo.grupomedios.com\/futbol\/wp-json\/wp\/v2\/media\/384863"}],"wp:attachment":[{"href":"http:\/\/desarrollo.grupomedios.com\/futbol\/wp-json\/wp\/v2\/media?parent=384862"}],"wp:term":[{"taxonomy":"category","embeddable":true,"href":"http:\/\/desarrollo.grupomedios.com\/futbol\/wp-json\/wp\/v2\/categories?post=384862"},{"taxonomy":"post_tag","embeddable":true,"href":"http:\/\/desarrollo.grupomedios.com\/futbol\/wp-json\/wp\/v2\/tags?post=384862"}],"curies":[{"name":"wp","href":"https:\/\/api.w.org\/{rel}","templated":true}]}}