{"id":384868,"date":"2016-04-02T10:20:02","date_gmt":"2016-04-02T16:20:02","guid":{"rendered":"http:\/\/www.futboltotal.com.mx\/?p=384868"},"modified":"2016-04-02T10:20:02","modified_gmt":"2016-04-02T16:20:02","slug":"alexandre-pato-debuta-se-estrena-chelsea","status":"publish","type":"post","link":"http:\/\/desarrollo.grupomedios.com\/futbol\/futbol-internacional\/alexandre-pato-debuta-se-estrena-chelsea\/2016\/04","title":{"rendered":"Pato hace enojar a Falcao con el Chelsea"},"content":{"rendered":"<p>Dos meses despu\u00e9s, <strong>Alexandre Pato<\/strong> debut\u00f3 con el <strong>Chelsea<\/strong>. El delantero brasile\u00f1o por fin tuvo minutos con los de Guus Hiddink en el encuentro que los Blues ganaron ante el Aston Villa en Villa Park (0-4).<\/p>\n<p>El atacante de 26 a\u00f1os sali\u00f3 a los 23 minutos de juego debido a la lesi\u00f3n de Remy, que sali\u00f3 en el once inicial debido a la sanci\u00f3n de Diego Costa, y ve\u00eda como por fin el t\u00e9cnico holand\u00e9s le daba una oportunidad tras 63 d\u00edas esperando en el banquillo. Al borde del descanso tuvo su momento de gloria al provocar un penalti que \u00e9l mismo se encarg\u00f3 de definir, estren\u00e1ndose as\u00ed como goleador en el <strong>Chelsea<\/strong>.<\/p>\n<p><iframe loading=\"lazy\" src=\"https:\/\/www.youtube.com\/embed\/V2KzZKgKQYE\" frameborder=\"0\" allowfullscreen=\"allowfullscreen\"><\/iframe><\/p>\n<p style=\"text-align: center;\"><span style=\"color: #3366ff;\"><strong><a style=\"color: #3366ff;\" href=\"http:\/\/www.futboltotal.com.mx\/2016\/04\/chilena-espectacular-ribery-marco-fabian-presencio-en-la-tribuna\/\">LEER M\u00c1S: Espectacular chilena de Rib\u00e9ry <\/a><\/strong><\/span><\/p>\n<p>Adem\u00e1s de su gol, Pato particip\u00f3 de manera brillante sirviendo dos asistencias. El estreno del brasile\u00f1o tambi\u00e9n fue tendencia por la cara que hizo Falcao al preferir a alguien que debut\u00f3 luego de dos meses sin jugar antes que el <em>Tigre<\/em>.<\/p>\n<blockquote class=\"twitter-tweet\" data-lang=\"es\">\n<p dir=\"ltr\" lang=\"es\">Y esta es la carita de Falcao. <a href=\"https:\/\/t.co\/FlYb0Wrbjq\">pic.twitter.com\/FlYb0Wrbjq<\/a><\/p>\n<p>\u2014 La casa del f\u00fatbol (@casadelfutbol) <a href=\"https:\/\/twitter.com\/casadelfutbol\/status\/716236371757834240\">2 de abril de 2016<\/a><\/p><\/blockquote>\n<p><script src=\"\/\/platform.twitter.com\/widgets.js\" async=\"\" charset=\"utf-8\"><\/script><\/p>\n","protected":false},"excerpt":{"rendered":"<p>Los de Stamford Bridge se llevaro una c\u00f3moda victoria <\/p>\n","protected":false},"author":20,"featured_media":384869,"comment_status":"closed","ping_status":"closed","sticky":false,"template":"","format":"standard","meta":[],"categories":[3839,3846,5951],"tags":[2298,5981,334,652],"_links":{"self":[{"href":"http:\/\/desarrollo.grupomedios.com\/futbol\/wp-json\/wp\/v2\/posts\/384868"}],"collection":[{"href":"http:\/\/desarrollo.grupomedios.com\/futbol\/wp-json\/wp\/v2\/posts"}],"about":[{"href":"http:\/\/desarrollo.grupomedios.com\/futbol\/wp-json\/wp\/v2\/types\/post"}],"author":[{"embeddable":true,"href":"http:\/\/desarrollo.grupomedios.com\/futbol\/wp-json\/wp\/v2\/users\/20"}],"replies":[{"embeddable":true,"href":"http:\/\/desarrollo.grupomedios.com\/futbol\/wp-json\/wp\/v2\/comments?post=384868"}],"version-history":[{"count":0,"href":"http:\/\/desarrollo.grupomedios.com\/futbol\/wp-json\/wp\/v2\/posts\/384868\/revisions"}],"wp:featuredmedia":[{"embeddable":true,"href":"http:\/\/desarrollo.grupomedios.com\/futbol\/wp-json\/wp\/v2\/media\/384869"}],"wp:attachment":[{"href":"http:\/\/desarrollo.grupomedios.com\/futbol\/wp-json\/wp\/v2\/media?parent=384868"}],"wp:term":[{"taxonomy":"category","embeddable":true,"href":"http:\/\/desarrollo.grupomedios.com\/futbol\/wp-json\/wp\/v2\/categories?post=384868"},{"taxonomy":"post_tag","embeddable":true,"href":"http:\/\/desarrollo.grupomedios.com\/futbol\/wp-json\/wp\/v2\/tags?post=384868"}],"curies":[{"name":"wp","href":"https:\/\/api.w.org\/{rel}","templated":true}]}}