{"id":384885,"date":"2016-04-02T11:11:07","date_gmt":"2016-04-02T17:11:07","guid":{"rendered":"http:\/\/www.futboltotal.com.mx\/?p=384885"},"modified":"2016-04-02T11:20:38","modified_gmt":"2016-04-02T17:20:38","slug":"futbolistas-extranjeros-la-liga-mx-en-decada-1990-se-volvieron-dt","status":"publish","type":"post","link":"http:\/\/desarrollo.grupomedios.com\/futbol\/futbol-mexicano\/futbolistas-extranjeros-la-liga-mx-en-decada-1990-se-volvieron-dt\/2016\/04","title":{"rendered":"Futbolistas extranjeros de Liga MX, que se volvieron DT"},"content":{"rendered":"<p>Este s\u00e1bado 2 de abril, <strong>Antonio Mohamed<\/strong>\u00a0cumple 46 a\u00f1os, y el actual director t\u00e9cnico del Monterrey, fue una\u00a0de las estrellas extranjeras de la <strong><a href=\"http:\/\/futboltotal.com.mx\/futbol-mexicano\/\" target=\"_blank\">Liga MX<\/a><\/strong>, que \u00a0destac\u00f3 en la d\u00e9cada de 1990, y ahora como estratega, tambi\u00e9n se ha vuelto exitoso, pus ya cuenta con dos t\u00edtulos del torneo local. Eso nos recuerda, que hay otras figuras de su \u00e9poca, que ahora se dedican al futbol, desde el banquillo.<\/p>\n<p style=\"text-align: center;\"><span style=\"color: #3366ff;\"><strong><a style=\"color: #3366ff;\" href=\"http:\/\/www.futboltotal.com.mx\/2016\/03\/11-ideal-seleccionados-liga-mx-en-conmebol\/\" target=\"_blank\">LEER M\u00c1S: 11 ideal de futbolistas de Liga MX, seleccionados en CONMEBOL<\/a><\/strong><\/span><\/p>\n<p>Estos son, los <strong>futbolistas extranjeros<\/strong> de la d\u00e9cada de 1990 en la <strong>Liga MX<\/strong>, que ahora son directores t\u00e9cnicos:<\/p>\n<p><a href=\"http:\/\/www.futboltotal.com.mx\/wp-content\/uploads\/2016\/04\/futbolistasdt.jpg\" rel=\"attachment wp-att-384886\"><img decoding=\"async\" loading=\"lazy\" class=\"alignnone size-full wp-image-384886\" src=\"http:\/\/www.futboltotal.com.mx\/wp-content\/uploads\/2016\/04\/futbolistasdt.jpg\" alt=\"futbolistasdt\" srcset=\"http:\/\/desarrollo.grupomedios.com\/futbol\/wp-content\/uploads\/2016\/04\/futbolistasdt.jpg 940w, http:\/\/desarrollo.grupomedios.com\/futbol\/wp-content\/uploads\/2016\/04\/futbolistasdt-244x300.jpg 244w, http:\/\/desarrollo.grupomedios.com\/futbol\/wp-content\/uploads\/2016\/04\/futbolistasdt-768x946.jpg 768w, http:\/\/desarrollo.grupomedios.com\/futbol\/wp-content\/uploads\/2016\/04\/futbolistasdt-831x1024.jpg 831w\" sizes=\"(max-width: 940px) 100vw, 940px\" \/><\/a><\/p>\n<p><span style=\"color: #ff0000;\"><strong>VIDEO<\/strong>: Futbolistas fallecidos en activo<br \/>\n<\/span><\/p>\n<p>[video_player]https:\/\/player.vimeo.com\/external\/161246647.sd.mp4?s=b741d0cbe810f612e7e255294ad57f24222b93b5&amp;profile_id=164[\/video_player]<\/p>\n","protected":false},"excerpt":{"rendered":"<p>Antonio Mohamed cumple 46 a\u00f1os<\/p>\n","protected":false},"author":20,"featured_media":384887,"comment_status":"closed","ping_status":"closed","sticky":false,"template":"","format":"standard","meta":[],"categories":[2198,3845,5950],"tags":[5665,1587,64],"_links":{"self":[{"href":"http:\/\/desarrollo.grupomedios.com\/futbol\/wp-json\/wp\/v2\/posts\/384885"}],"collection":[{"href":"http:\/\/desarrollo.grupomedios.com\/futbol\/wp-json\/wp\/v2\/posts"}],"about":[{"href":"http:\/\/desarrollo.grupomedios.com\/futbol\/wp-json\/wp\/v2\/types\/post"}],"author":[{"embeddable":true,"href":"http:\/\/desarrollo.grupomedios.com\/futbol\/wp-json\/wp\/v2\/users\/20"}],"replies":[{"embeddable":true,"href":"http:\/\/desarrollo.grupomedios.com\/futbol\/wp-json\/wp\/v2\/comments?post=384885"}],"version-history":[{"count":0,"href":"http:\/\/desarrollo.grupomedios.com\/futbol\/wp-json\/wp\/v2\/posts\/384885\/revisions"}],"wp:featuredmedia":[{"embeddable":true,"href":"http:\/\/desarrollo.grupomedios.com\/futbol\/wp-json\/wp\/v2\/media\/384887"}],"wp:attachment":[{"href":"http:\/\/desarrollo.grupomedios.com\/futbol\/wp-json\/wp\/v2\/media?parent=384885"}],"wp:term":[{"taxonomy":"category","embeddable":true,"href":"http:\/\/desarrollo.grupomedios.com\/futbol\/wp-json\/wp\/v2\/categories?post=384885"},{"taxonomy":"post_tag","embeddable":true,"href":"http:\/\/desarrollo.grupomedios.com\/futbol\/wp-json\/wp\/v2\/tags?post=384885"}],"curies":[{"name":"wp","href":"https:\/\/api.w.org\/{rel}","templated":true}]}}