{"id":384972,"date":"2016-04-02T15:24:55","date_gmt":"2016-04-02T21:24:55","guid":{"rendered":"http:\/\/www.futboltotal.com.mx\/?p=384972"},"modified":"2016-04-02T15:37:14","modified_gmt":"2016-04-02T21:37:14","slug":"marcelo-mensaje-tras-ganar-al-barcelona","status":"publish","type":"post","link":"http:\/\/desarrollo.grupomedios.com\/futbol\/destacado-home\/marcelo-mensaje-tras-ganar-al-barcelona\/2016\/04","title":{"rendered":"&#8220;Hala Madrid&#8230; Y nada m\u00e1s&#8221;: Marcelo"},"content":{"rendered":"<p>Feliz, muy feliz. <strong>Marcelo<\/strong> no ocult\u00f3 su enorme alegr\u00eda luego de la <span style=\"color: #3366ff;\"><a style=\"color: #3366ff;\" href=\"http:\/\/www.futboltotal.com.mx\/2016\/04\/en-vivo-barcelona-vs-real-madrid\/\">victoria del<\/a><strong><a style=\"color: #3366ff;\" href=\"http:\/\/www.futboltotal.com.mx\/2016\/04\/en-vivo-barcelona-vs-real-madrid\/\"> Real Madrid<\/a><\/strong><a style=\"color: #3366ff;\" href=\"http:\/\/www.futboltotal.com.mx\/2016\/04\/en-vivo-barcelona-vs-real-madrid\/\"> ante<\/a><strong><a style=\"color: #3366ff;\" href=\"http:\/\/www.futboltotal.com.mx\/2016\/04\/en-vivo-barcelona-vs-real-madrid\/\"> Barcelona<\/a><\/strong><\/span>. Fue\u00a0una notable remontada, que\u00a0adem\u00e1s\u00a0puso\u00a0fin a la racha de 39 partidos sin perder del <em>Bar\u00e7a<\/em>, que en esta oportunidad perdi\u00f3\u00a0en su propio feudo.<\/p>\n<p>&#8220;S\u00ed, ha sido una victoria merecida, hemos sabido sufrir, el <strong>Barcelona<\/strong> es uno de los mejores equipos del mundo, es muy dif\u00edcil jugar aqu\u00ed. Ten\u00edamos una deuda con la afici\u00f3n, pero hoy hemos demostrado que pod\u00edamos. Todos los equipos contra el <em>Bar\u00e7a<\/em> tienen que sufrir. Con las contras lo hemos logrado, ha sido m\u00e1s f\u00e1cil. Desde Keylor hasta todo el equipo lo ha hecho bien. Jugar contra el <em>Bar\u00e7a<\/em> es muy dif\u00edcil, en momentos hemos tenido el bal\u00f3n&#8221;, se\u00f1al\u00f3 Marcelo al finalizar el encuentro.<\/p>\n<p style=\"text-align: center;\"><strong><span style=\"color: #3366ff;\"><a style=\"color: #3366ff;\" href=\"http:\/\/www.futboltotal.com.mx\/2016\/04\/resultado-barcelona-1-1-real-madrid\/\">LEER M\u00c1S: \u00a1Venganza merengue!<\/a><\/span><\/strong><\/p>\n<p>Sobre su rol en el campo en el cl\u00e1sico, m\u00e1s defensivo y por mucho a su costumbre, <strong>Marcelo<\/strong> enfatiz\u00f3 que todo se hace por el bien del colectivo. &#8220;Quedarme atr\u00e1s es muy dif\u00edcil, pero lo primero es defender&#8221;. Y agreg\u00f3 que les da esperanza para seguir luchando por la Liga. &#8220;Son 3 puntos y nos da moral para seguir luchando&#8221;.<\/p>\n<p>El brasile\u00f1o se qued\u00f3 como el capit\u00e1n de <strong>Real Madrid<\/strong> tras la expulsi\u00f3n de Sergio Ramos, que estuvo siempre al borde de la roja y, al final, no pudo completar el partido, haciendo m\u00e1s factible una victoria para <strong>Barcelona<\/strong>. Pese a ello, <strong>Marcelo<\/strong> no cree que Ramos hiciera mal, pues siempre da todo por el equipo.<\/p>\n<p>&#8220;Sergio es muy grande, no hay que pegarle un tir\u00f3n de oreja. No hay ning\u00fan problema, siempre hace de todo para ayudar al equipo&#8221;.<\/p>\n<p>Ya en su vestuario, Marcelo se mostr\u00f3 feliz y fue de los primeros en manifestar su alegr\u00eda en redes sociales.<\/p>\n<blockquote class=\"twitter-tweet\" data-lang=\"es\">\n<p dir=\"ltr\" lang=\"es\">Hala Madrid y Nada Mas!!! <a href=\"https:\/\/t.co\/9XmQpl24qd\">pic.twitter.com\/9XmQpl24qd<\/a><\/p>\n<p>\u2014 Marcelotwelve (@MarceloM12) <a href=\"https:\/\/twitter.com\/MarceloM12\/status\/716371912553799680\">2 de abril de 2016<\/a><\/p><\/blockquote>\n<p><script src=\"\/\/platform.twitter.com\/widgets.js\" async=\"\" charset=\"utf-8\"><\/script><\/p>\n","protected":false},"excerpt":{"rendered":"<p>El lateral del equipo celebr\u00f3 en grande y dio sus impresiones del triunfo <\/p>\n","protected":false},"author":20,"featured_media":384974,"comment_status":"closed","ping_status":"closed","sticky":false,"template":"","format":"standard","meta":[],"categories":[5,3839,3844],"tags":[1197,5988],"_links":{"self":[{"href":"http:\/\/desarrollo.grupomedios.com\/futbol\/wp-json\/wp\/v2\/posts\/384972"}],"collection":[{"href":"http:\/\/desarrollo.grupomedios.com\/futbol\/wp-json\/wp\/v2\/posts"}],"about":[{"href":"http:\/\/desarrollo.grupomedios.com\/futbol\/wp-json\/wp\/v2\/types\/post"}],"author":[{"embeddable":true,"href":"http:\/\/desarrollo.grupomedios.com\/futbol\/wp-json\/wp\/v2\/users\/20"}],"replies":[{"embeddable":true,"href":"http:\/\/desarrollo.grupomedios.com\/futbol\/wp-json\/wp\/v2\/comments?post=384972"}],"version-history":[{"count":0,"href":"http:\/\/desarrollo.grupomedios.com\/futbol\/wp-json\/wp\/v2\/posts\/384972\/revisions"}],"wp:featuredmedia":[{"embeddable":true,"href":"http:\/\/desarrollo.grupomedios.com\/futbol\/wp-json\/wp\/v2\/media\/384974"}],"wp:attachment":[{"href":"http:\/\/desarrollo.grupomedios.com\/futbol\/wp-json\/wp\/v2\/media?parent=384972"}],"wp:term":[{"taxonomy":"category","embeddable":true,"href":"http:\/\/desarrollo.grupomedios.com\/futbol\/wp-json\/wp\/v2\/categories?post=384972"},{"taxonomy":"post_tag","embeddable":true,"href":"http:\/\/desarrollo.grupomedios.com\/futbol\/wp-json\/wp\/v2\/tags?post=384972"}],"curies":[{"name":"wp","href":"https:\/\/api.w.org\/{rel}","templated":true}]}}