{"id":385132,"date":"2016-04-02T22:40:19","date_gmt":"2016-04-03T04:40:19","guid":{"rendered":"http:\/\/www.futboltotal.com.mx\/?p=385132"},"modified":"2016-04-02T22:58:18","modified_gmt":"2016-04-03T04:58:18","slug":"resultado-liga-mx-morelia-2-0-puebla","status":"publish","type":"post","link":"http:\/\/desarrollo.grupomedios.com\/futbol\/futbol-mexicano\/resultado-liga-mx-morelia-2-0-puebla\/2016\/04","title":{"rendered":"Morelia respira y se aleja del descenso"},"content":{"rendered":"<p>La felicidad de uno es la desgracia de otro. Esto es lo que se sienten en dos frentes distintos, pues <strong><a href=\"http:\/\/futboltotal.com.mx\/equipos\/morelia\/\" target=\"_blank\">Morelia<\/a><\/strong> derrot\u00f3 2-0 al <strong><a href=\"http:\/\/futboltotal.com.mx\/equipos\/puebla\/\" target=\"_blank\">Puebla<\/a><\/strong> y con ello conden\u00f3 (pr\u00e1cticamente) a\u00a0Dorados al <strong>descenso<\/strong> en el marco de la <strong>jornada 12<\/strong> del <strong>Clausura 2016. <\/strong><\/p>\n<p>Hasta el medio tiempo, el escenario era parejo, pero todo cambi\u00f3 en el complemento del cotejo cuando en una jugada <em>Monarcas<\/em> consigui\u00f3 un penal a favor, mismo que capitaliz\u00f3 Juan Pablo Rodr\u00edguez (61\u2019), momentos despu\u00e9s el portero Cristian Campestrini (64\u2019) se gan\u00f3 la expulsi\u00f3n. A partir de ah\u00ed, a la <em>Franja<\/em> se le acabaron las posibilidades de remontar y por ello al final Jorge Z\u00e1rate firm\u00f3 el 2-0 (94\u2019).<\/p>\n<p>De esta forma, <strong>Morelia<\/strong> subi\u00f3 al escal\u00f3n 11 con 13 unidades, mientras que en el <strong>descenso<\/strong> es pen\u00faltimo con 1.1146. Por su parte, <strong>Puebla<\/strong> se estanc\u00f3 en d\u00e9cimo pelda\u00f1o de la tabla general con 15 puntos y en el cociente es decimocuarto con 1.1979.<\/p>\n<div id=\"gallerypCS\" style=\"display:none;\"><img alt=\"\" src=\"http:\/\/desarrollo.grupomedios.com\/futbol\/wp-content\/uploads\/2016\/04\/morelia-vs-puebla-descenso-liga-mx-1.jpg\" data-image=\"http:\/\/desarrollo.grupomedios.com\/futbol\/wp-content\/uploads\/2016\/04\/morelia-vs-puebla-descenso-liga-mx-1.jpg\" data-description=\"morelia-vs-puebla-descenso-liga-mx-1\"><img alt=\"\" src=\"http:\/\/desarrollo.grupomedios.com\/futbol\/wp-content\/uploads\/2016\/04\/morelia-vs-puebla-descenso-liga-mx-2.jpg\" data-image=\"http:\/\/desarrollo.grupomedios.com\/futbol\/wp-content\/uploads\/2016\/04\/morelia-vs-puebla-descenso-liga-mx-2.jpg\" data-description=\"morelia-vs-puebla-descenso-liga-mx-2\"><img alt=\"\" src=\"http:\/\/desarrollo.grupomedios.com\/futbol\/wp-content\/uploads\/2016\/04\/morelia-vs-puebla-descenso-liga-mx-3.jpg\" data-image=\"http:\/\/desarrollo.grupomedios.com\/futbol\/wp-content\/uploads\/2016\/04\/morelia-vs-puebla-descenso-liga-mx-3.jpg\" data-description=\"morelia-vs-puebla-descenso-liga-mx-3\"><img alt=\"\" src=\"http:\/\/desarrollo.grupomedios.com\/futbol\/wp-content\/uploads\/2016\/04\/morelia-vs-puebla-descenso-liga-mx-4.jpg\" data-image=\"http:\/\/desarrollo.grupomedios.com\/futbol\/wp-content\/uploads\/2016\/04\/morelia-vs-puebla-descenso-liga-mx-4.jpg\" data-description=\"morelia-vs-puebla-descenso-liga-mx-4\"><img alt=\"\" src=\"http:\/\/desarrollo.grupomedios.com\/futbol\/wp-content\/uploads\/2016\/04\/morelia-vs-puebla-descenso-liga-mx-5.jpg\" data-image=\"http:\/\/desarrollo.grupomedios.com\/futbol\/wp-content\/uploads\/2016\/04\/morelia-vs-puebla-descenso-liga-mx-5.jpg\" data-description=\"morelia-vs-puebla-descenso-liga-mx-5\"><\/div>\n        <script>\n        \/\/galeria 1\n        jQuery(document).ready(function(){ \n            var api;\n            api = jQuery(\"#gallerypCS\").unitegallery({\n                carousel_autoplay: false\n            }); \n        });\n        <\/script>\n        \n<p>Alineaci\u00f3n <strong>Morelia<\/strong>:\u00a0Carlos Rodr\u00edguez, Enrique P\u00e9rez, Jos\u00e9 Antonio Olvera, Facundo Erpen, Emanuel Loeschsbor, Juan Pablo Rodr\u00edguez, Cristian Pellerano, Jefferson Cuero, Jorge Z\u00e1rate, Pablo Vel\u00e1zquez (Alejandro Gagliardi, 84&#8242;) y Miguel Sansores (Rodrigo Millar, 34&#8242;). DT Enrique Meza.<\/p>\n<p>Alineaci\u00f3n <strong>Puebla<\/strong>: Cristian Campestrini, \u00c9dgar Due\u00f1as, \u00d3scar Adri\u00e1n Rojas (Carlos Orrantia, 78&#8242;), Patricio Araujo, Alberto Acosta, Luis Robles, David Toledo, Flavio Santos (Mauro Cejas, 60&#8242;), Christian Valdez (Fabi\u00e1n Villase\u00f1or, 64&#8242;), Dami\u00e1n Escudero y Alberto Navarro. DT Pablo Marini.<\/p>\n<p><iframe loading=\"lazy\" src=\"https:\/\/www.youtube.com\/embed\/PaNgz667PtI\" frameborder=\"0\" allowfullscreen=\"allowfullscreen\"><\/iframe><\/p>\n","protected":false},"excerpt":{"rendered":"<p>Monarcas le peg\u00f3 2-0 al Puebla <\/p>\n","protected":false},"author":20,"featured_media":385138,"comment_status":"closed","ping_status":"closed","sticky":false,"template":"","format":"standard","meta":[],"categories":[2198,3845,5950],"tags":[2098,5967,5969],"_links":{"self":[{"href":"http:\/\/desarrollo.grupomedios.com\/futbol\/wp-json\/wp\/v2\/posts\/385132"}],"collection":[{"href":"http:\/\/desarrollo.grupomedios.com\/futbol\/wp-json\/wp\/v2\/posts"}],"about":[{"href":"http:\/\/desarrollo.grupomedios.com\/futbol\/wp-json\/wp\/v2\/types\/post"}],"author":[{"embeddable":true,"href":"http:\/\/desarrollo.grupomedios.com\/futbol\/wp-json\/wp\/v2\/users\/20"}],"replies":[{"embeddable":true,"href":"http:\/\/desarrollo.grupomedios.com\/futbol\/wp-json\/wp\/v2\/comments?post=385132"}],"version-history":[{"count":0,"href":"http:\/\/desarrollo.grupomedios.com\/futbol\/wp-json\/wp\/v2\/posts\/385132\/revisions"}],"wp:featuredmedia":[{"embeddable":true,"href":"http:\/\/desarrollo.grupomedios.com\/futbol\/wp-json\/wp\/v2\/media\/385138"}],"wp:attachment":[{"href":"http:\/\/desarrollo.grupomedios.com\/futbol\/wp-json\/wp\/v2\/media?parent=385132"}],"wp:term":[{"taxonomy":"category","embeddable":true,"href":"http:\/\/desarrollo.grupomedios.com\/futbol\/wp-json\/wp\/v2\/categories?post=385132"},{"taxonomy":"post_tag","embeddable":true,"href":"http:\/\/desarrollo.grupomedios.com\/futbol\/wp-json\/wp\/v2\/tags?post=385132"}],"curies":[{"name":"wp","href":"https:\/\/api.w.org\/{rel}","templated":true}]}}