{"id":385215,"date":"2016-04-03T14:16:33","date_gmt":"2016-04-03T20:16:33","guid":{"rendered":"http:\/\/www.futboltotal.com.mx\/?p=385215"},"modified":"2016-04-03T14:16:33","modified_gmt":"2016-04-03T20:16:33","slug":"raul-gudino-sufre-union-madeira","status":"publish","type":"post","link":"http:\/\/desarrollo.grupomedios.com\/futbol\/futbol-internacional\/raul-gudino-sufre-union-madeira\/2016\/04","title":{"rendered":"Raul Gudi\u00f1o sufre con Uni\u00f3n de Madeira"},"content":{"rendered":"<p>El portero mexicano <strong>Ra\u00fal Gudi\u00f1o\u00a0<\/strong>tuvo una dura jornada con el <strong>Uni\u00f3n de Madeira\u00a0<\/strong>ante el Vitoria Set\u00fabal. Y es que poco hacer para evitar que el rival ara\u00f1ara un punto y consiguiera remontar una ventaja de dos goles en el \u00faltimo tramo que sentenci\u00f3 el 2-2, en la jornada 28 de la liga portuguesa.<\/p>\n<p>El cuadro local se adelant\u00f3 en el primer tiempo con doblete del brasile\u00f1o Amilton al minuto 21 y al 36\u2019, pero la visita acort\u00f3 distancias al 54\u2019 por el guineano Salim Ciss\u00e9 y logr\u00f3 la igualada de \u00faltimo minuto al 90+1\u2019 gracias al polaco Maciej Makuszewski.<\/p>\n<p style=\"text-align: center;\"><span style=\"color: #3366ff;\"><strong><a style=\"color: #3366ff;\" href=\"http:\/\/www.futboltotal.com.mx\/futbol-internacional\/mexicanos-en-europa\/\">LEER M\u00c1S: Todas las noticias de mexicanos en Europa<\/a><\/strong><\/span><\/p>\n<p><strong>Ra\u00fal Gudi\u00f1o<\/strong> fue titular, pese a tener actividad con la Selecci\u00f3n Mexicana Sub-23 en la pasada Fecha FIFA. Sum\u00f3 su quinta titularidad defendiendo el marco de Madeira y recibi\u00f3 un par de tantos &#8211; hasta ahora ha recibido siete goles- ante la poca colaboraci\u00f3n de la defensa, descolorada y fr\u00e1gil ante un rival que nunca renunci\u00f3 gol.<\/p>\n<p>Con este resultado Uni\u00f3n Madeira se ubica en la plaza 15 del certamen con 26 puntos, pero con el peligro del descenso tras de s\u00ed pues apenas supera por tres unidades a Acad\u00e9mica de Coimbra, quien se encuentra en el lugar 17 con 23.<\/p>\n","protected":false},"excerpt":{"rendered":"<p>Un empate ante el Vitoria Setubal los deja con problemas de descenso<\/p>\n","protected":false},"author":20,"featured_media":385216,"comment_status":"closed","ping_status":"closed","sticky":false,"template":"","format":"standard","meta":[],"categories":[3839,6718,5951],"tags":[4596],"_links":{"self":[{"href":"http:\/\/desarrollo.grupomedios.com\/futbol\/wp-json\/wp\/v2\/posts\/385215"}],"collection":[{"href":"http:\/\/desarrollo.grupomedios.com\/futbol\/wp-json\/wp\/v2\/posts"}],"about":[{"href":"http:\/\/desarrollo.grupomedios.com\/futbol\/wp-json\/wp\/v2\/types\/post"}],"author":[{"embeddable":true,"href":"http:\/\/desarrollo.grupomedios.com\/futbol\/wp-json\/wp\/v2\/users\/20"}],"replies":[{"embeddable":true,"href":"http:\/\/desarrollo.grupomedios.com\/futbol\/wp-json\/wp\/v2\/comments?post=385215"}],"version-history":[{"count":0,"href":"http:\/\/desarrollo.grupomedios.com\/futbol\/wp-json\/wp\/v2\/posts\/385215\/revisions"}],"wp:featuredmedia":[{"embeddable":true,"href":"http:\/\/desarrollo.grupomedios.com\/futbol\/wp-json\/wp\/v2\/media\/385216"}],"wp:attachment":[{"href":"http:\/\/desarrollo.grupomedios.com\/futbol\/wp-json\/wp\/v2\/media?parent=385215"}],"wp:term":[{"taxonomy":"category","embeddable":true,"href":"http:\/\/desarrollo.grupomedios.com\/futbol\/wp-json\/wp\/v2\/categories?post=385215"},{"taxonomy":"post_tag","embeddable":true,"href":"http:\/\/desarrollo.grupomedios.com\/futbol\/wp-json\/wp\/v2\/tags?post=385215"}],"curies":[{"name":"wp","href":"https:\/\/api.w.org\/{rel}","templated":true}]}}