{"id":385258,"date":"2016-04-03T18:17:38","date_gmt":"2016-04-04T00:17:38","guid":{"rendered":"http:\/\/www.futboltotal.com.mx\/?p=385258"},"modified":"2016-04-03T18:17:38","modified_gmt":"2016-04-04T00:17:38","slug":"me-puse-loco-cuando-le-anote-a-pumas-luis-garcia-postigo","status":"publish","type":"post","link":"http:\/\/desarrollo.grupomedios.com\/futbol\/videos\/me-puse-loco-cuando-le-anote-a-pumas-luis-garcia-postigo\/2016\/04","title":{"rendered":"Me puse loco cuando le anot\u00e9 a Pumas: Luis Garc\u00eda"},"content":{"rendered":"<p>El ex delantero mexicano, <strong>Luis Garc\u00eda Postigo<\/strong>, fue entrevistado por el Guadalajara, previo al partido entre <strong><a href=\"http:\/\/futboltotal.com.mx\/equipos\/guadalajara\/\" target=\"_blank\">Chivas<\/a><\/strong> y <strong><a href=\"http:\/\/futboltotal.com.mx\/equipos\/unam\/\" target=\"_blank\">Pumas<\/a><\/strong>, que cerrar\u00e1 la actividad de la jornada 12 del Clausura 2016, donde el ahora comentarista, se\u00f1al\u00f3 que a pesar de su gran respeto por el conjunto universitario, no pudo contener la emoci\u00f3n por anotarle a Jorge Campos; sobre todo, por la forma en c\u00f3mo defini\u00f3.<\/p>\n<p><strong>Luis Garc\u00eda Postigo<\/strong> jug\u00f3 en <strong>Pumas<\/strong> y <strong>Chivas<\/strong>, y precisamente ese golazo, lo marc\u00f3 jugando para la escuadra rojiblanca; por ello el Guadalajara, decidi\u00f3 recordar el tanto a trav\u00e9s de su cuenta de Twitter.<\/p>\n<p style=\"text-align: center;\"><span style=\"color: #3366ff;\"><strong><a style=\"color: #3366ff;\" href=\"http:\/\/www.futboltotal.com.mx\/2016\/04\/11-ideal-futbolistas-jugaron-en-chivas-pumas\/\" target=\"_blank\">LEER M\u00c1S: El 11 ideal de futbolistas que jugaron en Pumas y Chivas<\/a><\/strong><\/span><\/p>\n<blockquote class=\"twitter-tweet\" data-lang=\"es\">\n<p dir=\"ltr\" lang=\"es\">\u00bfRecuerdas el gol de &#8220;rana invertida&#8221; de <a href=\"https:\/\/twitter.com\/GarciaPosti\">@GarciaPosti<\/a> ante Pumas? \u00c9l nos cuenta c\u00f3mo fue. <a href=\"https:\/\/t.co\/AjzYeZWlZs\">https:\/\/t.co\/AjzYeZWlZs<\/a><\/p>\n<p>\u2014 CHIVAS (@Chivas) <a href=\"https:\/\/twitter.com\/Chivas\/status\/716709375348383744\">3 de abril de 2016<\/a><\/p><\/blockquote>\n<p><script src=\"\/\/platform.twitter.com\/widgets.js\" async=\"\" charset=\"utf-8\"><\/script><\/p>\n<blockquote class=\"twitter-tweet\" data-lang=\"es\"><p>\nDe <a href=\"https:\/\/twitter.com\/GarciaPosti\">@GarciaPosti<\/a> con amor para Jorge Campos y los Pumas del &#8217;98. <a href=\"https:\/\/t.co\/aYLSHaDCfG\">https:\/\/t.co\/aYLSHaDCfG<\/a><\/p>\n<p>\u2014 CHIVAS (@Chivas) <a href=\"https:\/\/twitter.com\/Chivas\/status\/716702119823294464\">3 de abril de 2016<\/a>\n<\/p><\/blockquote>\n<p><script src=\"\/\/platform.twitter.com\/widgets.js\" async=\"\" charset=\"utf-8\"><\/script><\/p>\n","protected":false},"excerpt":{"rendered":"<p>El comentarista recuerda golazo que marc\u00f3 en un Chivas vs. Pumas<\/p>\n","protected":false},"author":20,"featured_media":385260,"comment_status":"closed","ping_status":"closed","sticky":false,"template":"","format":"standard","meta":[],"categories":[2198,3845,4],"tags":[6965],"_links":{"self":[{"href":"http:\/\/desarrollo.grupomedios.com\/futbol\/wp-json\/wp\/v2\/posts\/385258"}],"collection":[{"href":"http:\/\/desarrollo.grupomedios.com\/futbol\/wp-json\/wp\/v2\/posts"}],"about":[{"href":"http:\/\/desarrollo.grupomedios.com\/futbol\/wp-json\/wp\/v2\/types\/post"}],"author":[{"embeddable":true,"href":"http:\/\/desarrollo.grupomedios.com\/futbol\/wp-json\/wp\/v2\/users\/20"}],"replies":[{"embeddable":true,"href":"http:\/\/desarrollo.grupomedios.com\/futbol\/wp-json\/wp\/v2\/comments?post=385258"}],"version-history":[{"count":0,"href":"http:\/\/desarrollo.grupomedios.com\/futbol\/wp-json\/wp\/v2\/posts\/385258\/revisions"}],"wp:featuredmedia":[{"embeddable":true,"href":"http:\/\/desarrollo.grupomedios.com\/futbol\/wp-json\/wp\/v2\/media\/385260"}],"wp:attachment":[{"href":"http:\/\/desarrollo.grupomedios.com\/futbol\/wp-json\/wp\/v2\/media?parent=385258"}],"wp:term":[{"taxonomy":"category","embeddable":true,"href":"http:\/\/desarrollo.grupomedios.com\/futbol\/wp-json\/wp\/v2\/categories?post=385258"},{"taxonomy":"post_tag","embeddable":true,"href":"http:\/\/desarrollo.grupomedios.com\/futbol\/wp-json\/wp\/v2\/tags?post=385258"}],"curies":[{"name":"wp","href":"https:\/\/api.w.org\/{rel}","templated":true}]}}