{"id":385473,"date":"2016-04-04T15:47:42","date_gmt":"2016-04-04T21:47:42","guid":{"rendered":"http:\/\/www.futboltotal.com.mx\/?p=385473"},"modified":"2016-04-04T16:31:06","modified_gmt":"2016-04-04T22:31:06","slug":"dragones-aztecas-se-alejan-del-titulo-con-porto","status":"publish","type":"post","link":"http:\/\/desarrollo.grupomedios.com\/futbol\/futbol-internacional\/dragones-aztecas-se-alejan-del-titulo-con-porto\/2016\/04","title":{"rendered":"Dragones aztecas se alejan del t\u00edtulo con Porto"},"content":{"rendered":"<p>El t\u00edtulo de Liga ya es casi una quimera para el <strong>FC Porto<\/strong>, que este lunes cay\u00f3 intempestivamente ante el Tondela, en la jornada 28 del campeonato luso. Faltan seis jornadas para que concluya la temporada y los <em>Dragones<\/em> suman 61 unidades y est\u00e1n a nueve puntos del superl\u00edder Benfica\u00a0 y por delante tienen al Sporting, que acumula 68 puntos.<\/p>\n<p>Ni con los mexicanos <strong>Miguel Lay\u00fan, Jes\u00fas Corona y H\u00e9ctor Herrera <\/strong>como titulares, al cuadro luso le alcanz\u00f3 para remontar un golazo de Luis Alberto, quien marc\u00f3 el \u00fanico tanto del partido al minuto 59.<\/p>\n<p>El pelot\u00f3n de Jos\u00e9 Peseiro tuvo su primera acci\u00f3n de peligro al minuto 18, cuando el centrocampista Lay\u00fan mand\u00f3 centro al \u00e1rea, donde el <em>Tecatito<\/em> Corona no fue capaz de conectar el esf\u00e9rico, el cual pas\u00f3 arriba del arco visitante.<\/p>\n<p style=\"text-align: center;\"><span style=\"color: #3366ff;\"><strong><a style=\"color: #3366ff;\" href=\"http:\/\/www.futboltotal.com.mx\/futbol-internacional\/mexicanos-en-europa\/\">LEER M\u00c1S: Todas las noticias de mexicanos en Europa<\/a><\/strong><\/span><br \/>\n<iframe loading=\"lazy\" src=\"https:\/\/www.youtube.com\/embed\/CSUQYpi4fuo\" frameborder=\"0\" allowfullscreen=\"allowfullscreen\"><\/iframe><\/p>\n<p>Antes del descanso, los <em>Dragones<\/em> continuaron en busca de la notaci\u00f3n, la cual se les neg\u00f3 al minuto 44, cuando el delantero camerun\u00e9s Vincent Aboubakar estrell\u00f3 su dispar\u00f3 en la humanidad del cancerbero Claudio Ramos.<\/p>\n<p>Al minuto 59, el cuadro visitante silenci\u00f3 el estadio del Drag\u00f3n, cuando el mediocampista brasile\u00f1o Luis Alberto Silva dispar\u00f3 con potencia desde afuera del \u00e1rea y coloc\u00f3 el bal\u00f3n en la escuadra superior derecha del arco defendido por el portero espa\u00f1ol Iker Casillas.<\/p>\n<p>En el minuto 72, el coreano Hyun-Jun Suk habilit\u00f3 a Lay\u00fan, quien dispar\u00f3 muy desviado del arco, siete minutos despu\u00e9s el ex americanista sali\u00f3 de cambio por Silvestre Varela.<\/p>\n<p>Con este resultado, Porto con 61 puntos, es tercero general y se rezaga en la lucha del t\u00edtulo, mientras Tondela sum\u00f3 17 unidades, sin embargo, es \u00faltimo general.<\/p>\n","protected":false},"excerpt":{"rendered":"<p>Tecatito, Lay\u00fan y Herrera tuvieron una noche para el olvido en la Jornada 28<\/p>\n","protected":false},"author":20,"featured_media":385496,"comment_status":"closed","ping_status":"closed","sticky":false,"template":"","format":"standard","meta":[],"categories":[3839,6718,5951],"tags":[5995,4545,1035,1208],"_links":{"self":[{"href":"http:\/\/desarrollo.grupomedios.com\/futbol\/wp-json\/wp\/v2\/posts\/385473"}],"collection":[{"href":"http:\/\/desarrollo.grupomedios.com\/futbol\/wp-json\/wp\/v2\/posts"}],"about":[{"href":"http:\/\/desarrollo.grupomedios.com\/futbol\/wp-json\/wp\/v2\/types\/post"}],"author":[{"embeddable":true,"href":"http:\/\/desarrollo.grupomedios.com\/futbol\/wp-json\/wp\/v2\/users\/20"}],"replies":[{"embeddable":true,"href":"http:\/\/desarrollo.grupomedios.com\/futbol\/wp-json\/wp\/v2\/comments?post=385473"}],"version-history":[{"count":0,"href":"http:\/\/desarrollo.grupomedios.com\/futbol\/wp-json\/wp\/v2\/posts\/385473\/revisions"}],"wp:featuredmedia":[{"embeddable":true,"href":"http:\/\/desarrollo.grupomedios.com\/futbol\/wp-json\/wp\/v2\/media\/385496"}],"wp:attachment":[{"href":"http:\/\/desarrollo.grupomedios.com\/futbol\/wp-json\/wp\/v2\/media?parent=385473"}],"wp:term":[{"taxonomy":"category","embeddable":true,"href":"http:\/\/desarrollo.grupomedios.com\/futbol\/wp-json\/wp\/v2\/categories?post=385473"},{"taxonomy":"post_tag","embeddable":true,"href":"http:\/\/desarrollo.grupomedios.com\/futbol\/wp-json\/wp\/v2\/tags?post=385473"}],"curies":[{"name":"wp","href":"https:\/\/api.w.org\/{rel}","templated":true}]}}