{"id":385511,"date":"2016-04-04T16:59:20","date_gmt":"2016-04-04T22:59:20","guid":{"rendered":"http:\/\/www.futboltotal.com.mx\/?p=385511"},"modified":"2016-04-04T16:59:20","modified_gmt":"2016-04-04T22:59:20","slug":"juego-de-heroes-la-pelicula-del-pachuca","status":"publish","type":"post","link":"http:\/\/desarrollo.grupomedios.com\/futbol\/futbol-mexicano\/juego-de-heroes-la-pelicula-del-pachuca\/2016\/04","title":{"rendered":"Juego de H\u00e9roes, la pel\u00edcula del Pachuca"},"content":{"rendered":"<p><strong><a href=\"http:\/\/www.futboltotal.com.mx\/equipos\/pachuca\/\" target=\"_blank\">Pachuca<\/a><\/strong> tendr\u00e1 su propia pel\u00edcula, que se titula, <strong>Juego de H\u00e9roes<\/strong>; se estrenar\u00e1 en agosto de 2016, y llev\u00f3 cinco a\u00f1os de producci\u00f3n, por lo que ahora, <strong>Jes\u00fas Mart\u00ednez<\/strong>, decidi\u00f3 compartir que los <em>Tuzos<\/em> debutar\u00e1n en la pantalla grande.<\/p>\n<p><strong>Jes\u00fas Mart\u00ednez<\/strong>, quien habl\u00f3 durante la ceremonia de votaci\u00f3n para la investidura del Sal\u00f3n de la Fama, se expres\u00f3 motivado por el pr\u00f3ximo estreno de <strong>Juego de H\u00e9roes<\/strong>, pues ser\u00e1 llevada a nivel nacional, a partir del 26 de agosto.<\/p>\n<p>&#8220;Es una pel\u00edcula que tardamos 5 a\u00f1os en hacerla, es una pel\u00edcula hermosa, de muchos valores y que estar\u00e1 en m\u00e1s de 500 salas tanto a nivel nacional como internacional &#8220;, se\u00f1al\u00f3 el presidente de <strong>Grupo Pachuca<\/strong>.<\/p>\n<p style=\"text-align: center;\"><span style=\"color: #3366ff;\"><strong><a style=\"color: #3366ff;\" href=\"http:\/\/www.futboltotal.com.mx\/2016\/04\/borgetti-sera-investido-en-salon-de-la-fama\/\" target=\"_blank\">LEER M\u00c1S: Los investidos de 2016 son&#8230;<\/a><\/strong><\/span><\/p>\n<p>Por otro lado, el presidente de <strong>Grupo Pachuca<\/strong>, se\u00f1al\u00f3 que los <em>Tuzos<\/em> ya trabajan en suprimir el grito de <em>ehh pu&#8230;<\/em>, en los juegos que se llevan a cabo en el Hidalgo, con el fin de que se evite perjudicar a la Selecci\u00f3n Mexicana, y a la misma Liga MX.<\/p>\n<p>&#8220;El departamento de mercadotecnia est\u00e1 trabajando para borrar el grito en <strong>Pachuca<\/strong>&#8220;, concluy\u00f3 <strong>Jes\u00fas Mart\u00ednez<\/strong>.<\/p>\n<p><span style=\"color: #ff0000;\">VIDEO: TOP 5\u00a0| Goles de la\u00a0jornada\u00a012\u00a0del\u00a0Clausura del 2016:<\/span><\/p>\n<p>[video_player]https:\/\/player.vimeo.com\/external\/161488136.hd.mp4?s=bae98b037e002786260204868f5892d5477a4494&amp;profile_id=174[\/video_player]<\/p>\n","protected":false},"excerpt":{"rendered":"<p>Jes\u00fas Mart\u00ednez revela que el film est\u00e1 por estrenarse<\/p>\n","protected":false},"author":20,"featured_media":385512,"comment_status":"closed","ping_status":"closed","sticky":false,"template":"","format":"standard","meta":[],"categories":[5419,2198,3845,5950],"tags":[64,5968,5824],"_links":{"self":[{"href":"http:\/\/desarrollo.grupomedios.com\/futbol\/wp-json\/wp\/v2\/posts\/385511"}],"collection":[{"href":"http:\/\/desarrollo.grupomedios.com\/futbol\/wp-json\/wp\/v2\/posts"}],"about":[{"href":"http:\/\/desarrollo.grupomedios.com\/futbol\/wp-json\/wp\/v2\/types\/post"}],"author":[{"embeddable":true,"href":"http:\/\/desarrollo.grupomedios.com\/futbol\/wp-json\/wp\/v2\/users\/20"}],"replies":[{"embeddable":true,"href":"http:\/\/desarrollo.grupomedios.com\/futbol\/wp-json\/wp\/v2\/comments?post=385511"}],"version-history":[{"count":0,"href":"http:\/\/desarrollo.grupomedios.com\/futbol\/wp-json\/wp\/v2\/posts\/385511\/revisions"}],"wp:featuredmedia":[{"embeddable":true,"href":"http:\/\/desarrollo.grupomedios.com\/futbol\/wp-json\/wp\/v2\/media\/385512"}],"wp:attachment":[{"href":"http:\/\/desarrollo.grupomedios.com\/futbol\/wp-json\/wp\/v2\/media?parent=385511"}],"wp:term":[{"taxonomy":"category","embeddable":true,"href":"http:\/\/desarrollo.grupomedios.com\/futbol\/wp-json\/wp\/v2\/categories?post=385511"},{"taxonomy":"post_tag","embeddable":true,"href":"http:\/\/desarrollo.grupomedios.com\/futbol\/wp-json\/wp\/v2\/tags?post=385511"}],"curies":[{"name":"wp","href":"https:\/\/api.w.org\/{rel}","templated":true}]}}