{"id":385571,"date":"2016-04-05T07:48:46","date_gmt":"2016-04-05T13:48:46","guid":{"rendered":"http:\/\/www.futboltotal.com.mx\/?p=385571"},"modified":"2016-04-05T08:03:51","modified_gmt":"2016-04-05T14:03:51","slug":"mama-de-james-analiza-el-planteamiento-de-zidane","status":"publish","type":"post","link":"http:\/\/desarrollo.grupomedios.com\/futbol\/futbol-internacional\/mama-de-james-analiza-el-planteamiento-de-zidane\/2016\/04","title":{"rendered":"Mam\u00e1 de James analiza el planteamiento de Zidane"},"content":{"rendered":"<p><strong>Real Madrid<\/strong> gan\u00f3 el pasado s\u00e1bado la edici\u00f3n 232 del Cl\u00e1sico Espa\u00f1ol y lo hizo sin su fichaje estelar del 2014: <strong>James Rodr\u00edguez<\/strong>. El colombiano no cuenta en el planteamiento de <strong>Zinedine Zidane<\/strong> que opt\u00f3 por dejarlo en la banca.<\/p>\n<p>La mam\u00e1 de James Rodr\u00edguez, Pilar Rubio G\u00f3mez, decidi\u00f3 analizar las razones por las que <strong>Zinedine Zidane<\/strong> ha tomado esa decisi\u00f3n y, contrario a lo que pudiera pensarse, lo hizo con mucha calma y analizando el esquema preferido por el franc\u00e9s.<\/p>\n<p>&#8220;James en el banco, queda claro que para Zidane no cuenta, simplemente est\u00e1 para cubrir cuando alguien falte. L\u00e1stima. Llegaba motivado&#8221;, opin\u00f3 Cadavid.<\/p>\n<blockquote class=\"twitter-tweet\" data-lang=\"es\">\n<p dir=\"ltr\" lang=\"es\">critican a james e Isco los comparan con Casemiro, no son volantes de marca entiendan muy diferentes, en tierra de ciego el tuerto es rey<\/p>\n<p>\u2014 PILAR RUBIO GOMEZ (@MARJAJUA) <a href=\"https:\/\/twitter.com\/MARJAJUA\/status\/716379923896778753\">2 de abril de 2016<\/a><\/p><\/blockquote>\n<p><script src=\"\/\/platform.twitter.com\/widgets.js\" async=\"\" charset=\"utf-8\"><\/script><\/p>\n<blockquote class=\"twitter-tweet\" data-lang=\"es\"><p>\n<a href=\"https:\/\/twitter.com\/JFCadavid\">@JFCadavid<\/a> Casemiro es el equilibrio, \u00e9l fue enf\u00e1tico la BBC no se toca, mucho volante ofensivo , james no es su prioridad en este momento<\/p>\n<p>\u2014 PILAR RUBIO GOMEZ (@MARJAJUA) <a href=\"https:\/\/twitter.com\/MARJAJUA\/status\/716326763291402240\">2 de abril de 2016<\/a>\n<\/p><\/blockquote>\n<p><script src=\"\/\/platform.twitter.com\/widgets.js\" async=\"\" charset=\"utf-8\"><\/script><\/p>\n<blockquote class=\"twitter-tweet\" data-lang=\"es\">\n<p dir=\"ltr\" lang=\"es\">critican a james e Isco los comparan con Casemiro, no son volantes de marca entiendan muy diferentes, en tierra de ciego el tuerto es rey<\/p>\n<p>\u2014 PILAR RUBIO GOMEZ (@MARJAJUA) <a href=\"https:\/\/twitter.com\/MARJAJUA\/status\/716379923896778753\">2 de abril de 2016<\/a><\/p><\/blockquote>\n<p><script src=\"\/\/platform.twitter.com\/widgets.js\" async=\"\" charset=\"utf-8\"><\/script><\/p>\n<p>No es la primera vez que Pilar Rubio defiende a su hijo contra las cr\u00edticas. El pasado mes de noviembre, justo cuando la relaci\u00f3n entre el colombiano y Rafa Ben\u00edtezera tensa, la mam\u00e1 sali\u00f3 con todo para defender al 10 <em>merengue<\/em>. &#8220;A ver los que se hacen llamar hinchas. Ojal\u00e1 tuvieran las pelotas de estar ah\u00ed, hijo cada d\u00eda m\u00e1s orgullosa de ti eres un var\u00f3n&#8221;.<\/p>\n","protected":false},"excerpt":{"rendered":"<p>Sin entrar en pol\u00e9micas, Pilar Rubio cree que la BBC no se toca <\/p>\n","protected":false},"author":20,"featured_media":385579,"comment_status":"closed","ping_status":"closed","sticky":false,"template":"","format":"standard","meta":[],"categories":[3839,3844,5951],"tags":[6082,5988,2215],"_links":{"self":[{"href":"http:\/\/desarrollo.grupomedios.com\/futbol\/wp-json\/wp\/v2\/posts\/385571"}],"collection":[{"href":"http:\/\/desarrollo.grupomedios.com\/futbol\/wp-json\/wp\/v2\/posts"}],"about":[{"href":"http:\/\/desarrollo.grupomedios.com\/futbol\/wp-json\/wp\/v2\/types\/post"}],"author":[{"embeddable":true,"href":"http:\/\/desarrollo.grupomedios.com\/futbol\/wp-json\/wp\/v2\/users\/20"}],"replies":[{"embeddable":true,"href":"http:\/\/desarrollo.grupomedios.com\/futbol\/wp-json\/wp\/v2\/comments?post=385571"}],"version-history":[{"count":0,"href":"http:\/\/desarrollo.grupomedios.com\/futbol\/wp-json\/wp\/v2\/posts\/385571\/revisions"}],"wp:featuredmedia":[{"embeddable":true,"href":"http:\/\/desarrollo.grupomedios.com\/futbol\/wp-json\/wp\/v2\/media\/385579"}],"wp:attachment":[{"href":"http:\/\/desarrollo.grupomedios.com\/futbol\/wp-json\/wp\/v2\/media?parent=385571"}],"wp:term":[{"taxonomy":"category","embeddable":true,"href":"http:\/\/desarrollo.grupomedios.com\/futbol\/wp-json\/wp\/v2\/categories?post=385571"},{"taxonomy":"post_tag","embeddable":true,"href":"http:\/\/desarrollo.grupomedios.com\/futbol\/wp-json\/wp\/v2\/tags?post=385571"}],"curies":[{"name":"wp","href":"https:\/\/api.w.org\/{rel}","templated":true}]}}