{"id":385625,"date":"2016-04-05T09:56:09","date_gmt":"2016-04-05T15:56:09","guid":{"rendered":"http:\/\/www.futboltotal.com.mx\/?p=385625"},"modified":"2016-04-05T09:59:56","modified_gmt":"2016-04-05T15:59:56","slug":"ocho-segundos-y-se-fue-expulsado","status":"publish","type":"post","link":"http:\/\/desarrollo.grupomedios.com\/futbol\/videos\/ocho-segundos-y-se-fue-expulsado\/2016\/04","title":{"rendered":"\u00a1Ocho segundos y se fue expulsado!"},"content":{"rendered":"<p>En un encuentro de la Primera B de Argentina se dio lo ins\u00f3lito tras la entrada de <strong>Leonardo Baima<\/strong> al terreno de juego. El futbolista argentino ten\u00eda muchas ganas de mostrarse pero poco le dur\u00f3 el gusto pues luego de una fuerte barrida y apenas transcurridos ocho segundos, se fue <strong>expulsado<\/strong>.<\/p>\n<p style=\"text-align: center;\"><span style=\"color: #3366ff;\"><strong><a style=\"color: #3366ff;\" href=\"http:\/\/www.futboltotal.com.mx\/2016\/04\/el-camino-hacia-la-bota-de-oro\/\">LEER M\u00c1S: El camino hacia la bota de Oro<\/a><\/strong><\/span><\/p>\n<p>Afortunadamente su equipo, Defensa y Justicia, consigui\u00f3 el triunfo de manera sencilla ante el Platense (3-1) porque de lo contrario, las cr\u00edticas hubieran sido mucho m\u00e1s severas.<\/p>\n<p><iframe loading=\"lazy\" src=\"https:\/\/www.youtube.com\/embed\/j4Bvw8VJRw0\" frameborder=\"0\" allowfullscreen><\/iframe><\/p>\n","protected":false},"excerpt":{"rendered":"<p>Leonardo Baima ingres\u00f3 al campo y r\u00e1pidamente corri\u00f3 a las duchas<\/p>\n","protected":false},"author":20,"featured_media":385627,"comment_status":"closed","ping_status":"closed","sticky":false,"template":"","format":"standard","meta":[],"categories":[3839,4],"tags":[5996,6127,6970],"_links":{"self":[{"href":"http:\/\/desarrollo.grupomedios.com\/futbol\/wp-json\/wp\/v2\/posts\/385625"}],"collection":[{"href":"http:\/\/desarrollo.grupomedios.com\/futbol\/wp-json\/wp\/v2\/posts"}],"about":[{"href":"http:\/\/desarrollo.grupomedios.com\/futbol\/wp-json\/wp\/v2\/types\/post"}],"author":[{"embeddable":true,"href":"http:\/\/desarrollo.grupomedios.com\/futbol\/wp-json\/wp\/v2\/users\/20"}],"replies":[{"embeddable":true,"href":"http:\/\/desarrollo.grupomedios.com\/futbol\/wp-json\/wp\/v2\/comments?post=385625"}],"version-history":[{"count":0,"href":"http:\/\/desarrollo.grupomedios.com\/futbol\/wp-json\/wp\/v2\/posts\/385625\/revisions"}],"wp:featuredmedia":[{"embeddable":true,"href":"http:\/\/desarrollo.grupomedios.com\/futbol\/wp-json\/wp\/v2\/media\/385627"}],"wp:attachment":[{"href":"http:\/\/desarrollo.grupomedios.com\/futbol\/wp-json\/wp\/v2\/media?parent=385625"}],"wp:term":[{"taxonomy":"category","embeddable":true,"href":"http:\/\/desarrollo.grupomedios.com\/futbol\/wp-json\/wp\/v2\/categories?post=385625"},{"taxonomy":"post_tag","embeddable":true,"href":"http:\/\/desarrollo.grupomedios.com\/futbol\/wp-json\/wp\/v2\/tags?post=385625"}],"curies":[{"name":"wp","href":"https:\/\/api.w.org\/{rel}","templated":true}]}}