{"id":385634,"date":"2016-04-05T11:22:14","date_gmt":"2016-04-05T17:22:14","guid":{"rendered":"http:\/\/www.futboltotal.com.mx\/?p=385634"},"modified":"2016-04-05T11:22:58","modified_gmt":"2016-04-05T17:22:58","slug":"de-gea-y-neuer-el-dilema-de-alex-ferguson","status":"publish","type":"post","link":"http:\/\/desarrollo.grupomedios.com\/futbol\/futbol-internacional\/de-gea-y-neuer-el-dilema-de-alex-ferguson\/2016\/04","title":{"rendered":"De Gea y Neuer, el dilema de Ferguson"},"content":{"rendered":"<p>Despu\u00e9s de la conquista del t\u00edtulo de la Premier League en la temporada 2010-11, la gran asignatura del <strong>Manchester United<\/strong> era fichar un nuevo portero. El holand\u00e9s Edwin van der Saar hab\u00eda jugado su \u00faltimo partido en la Final de la Champions League, que perdi\u00f3 1-3 ante Barcelona, y en Old Trafford necesitaban encontrarle sucesor.<\/p>\n<p>Sir<strong> Alex Ferguson<\/strong>, entonces entrenador de los <em>Red Devils <\/em>ten\u00eda en mente al que cre\u00eda el sustituto ideal: Manuel Neuer, quien por aquel entonces ten\u00eda 25 a\u00f1os y hab\u00eda forjado una carrera durante seis a\u00f1os con el Schalke 04. Pese a que <em>Fergi <\/em>consideraba a Neuer &#8220;completo, maduro y con un f\u00edsico incre\u00edble&#8221; hubo alguien que evit\u00f3 el fichaje del portero alem\u00e1n: Eric Steele, el entrenador de porteros de los <em>Red Devils.\u00a0<\/em><\/p>\n<p style=\"text-align: center;\"><span style=\"color: #3366ff;\"><strong><a style=\"color: #3366ff;\" href=\"http:\/\/www.futboltotal.com.mx\/2016\/04\/reto-de-altura-para-el-manchester-united\/\">LEER \u00a0M\u00c1S: Reto de altura para el Manchester United<\/a><\/strong><\/span><\/p>\n<p>En Old Trafford, Steele trabaj\u00f3 a sol y a sombra con Edwin van der Saar, conoc\u00eda las virtudes que ten\u00eda el m\u00edtico holand\u00e9s y quer\u00eda que el nuevo arquero tuviese algunas de ellas. En la mira ya ten\u00eda al espa\u00f1ol David de Gea, del Atl\u00e9tico de Madrid, seg\u00fan revela <strong>Alex Ferguson<\/strong>: &#8220;Sali\u00f3 a\u00a0escena Manuel Neuer y pens\u00e9 que el Schalke estar\u00eda feliz de que fu\u00e9semos a por \u00e9l y nos lo traj\u00e9semos. Ten\u00eda grandes cualidades. Pero mi problema era Eric, el no quer\u00eda que fichase a Neuer&#8221;.<\/p>\n<p>Ferguson mostr\u00f3 cierta incredulidad ante los elogios que Steele hac\u00eda a De Gea: &#8220;Tiene buen juego con los pies y una capacidad de reacci\u00f3n impresionante. Deber\u00edas considerarlo&#8221;. Ante la insistencia Ferguson no tuvo otra que ir a Espa\u00f1a y constatar que as\u00ed fuese despu\u00e9s de la \u00faltima charla que tuvo con Steele antes del viaje.<\/p>\n<p style=\"text-align: center;\"><strong><span style=\"color: #3366ff;\"><a style=\"color: #3366ff;\" href=\"http:\/\/www.futboltotal.com.mx\/futbol-internacional\/\">LEER M\u00c1S: Todas las noticias de futbol internacional<\/a><\/span><\/strong><\/p>\n<p>&#8220;Eric me dijo: &#8216;En tres a\u00f1os David de Gea ser\u00eda mejor&#8217;. As\u00ed que fuimos a\u00a0ver un partido de David a Valencia y las cosas que me coment\u00f3 eran ciertas. David ten\u00eda agilidad, confianza, agilidad, un buen prospecto&#8221;, cuenta Ferguson.<\/p>\n<p>David de Gea y Manuel Neuer fueron el dilema de <strong>Alex Ferguson<\/strong> y la elecci\u00f3n fue la menos esperada: El espa\u00f1ol\u00a0se convirti\u00f3 en el sucesor de Edwin van der Saar. A diferencia del holand\u00e9s no\u00a0lleg\u00f3 con 35 a\u00f1os, ni para vivir el ep\u00edlogo de su carrera, sino con tan solo 20 a\u00f1os en busca de hacer su propia historia. El Manchester United pag\u00f3 20 millones de euros por su pase en el verano de 2011 y <em>Fergi<\/em>\u00a0olvid\u00f3 a Neuer, quien felizmente fich\u00f3 por el Bayern M\u00fanich.<\/p>\n","protected":false},"excerpt":{"rendered":"<p>El exentrenador escoc\u00e9s revel\u00f3 c\u00f3mo eligi\u00f3 al portero del Manchester United <\/p>\n","protected":false},"author":20,"featured_media":385648,"comment_status":"closed","ping_status":"closed","sticky":false,"template":"","format":"standard","meta":[],"categories":[3839,5951],"tags":[6072,43],"_links":{"self":[{"href":"http:\/\/desarrollo.grupomedios.com\/futbol\/wp-json\/wp\/v2\/posts\/385634"}],"collection":[{"href":"http:\/\/desarrollo.grupomedios.com\/futbol\/wp-json\/wp\/v2\/posts"}],"about":[{"href":"http:\/\/desarrollo.grupomedios.com\/futbol\/wp-json\/wp\/v2\/types\/post"}],"author":[{"embeddable":true,"href":"http:\/\/desarrollo.grupomedios.com\/futbol\/wp-json\/wp\/v2\/users\/20"}],"replies":[{"embeddable":true,"href":"http:\/\/desarrollo.grupomedios.com\/futbol\/wp-json\/wp\/v2\/comments?post=385634"}],"version-history":[{"count":0,"href":"http:\/\/desarrollo.grupomedios.com\/futbol\/wp-json\/wp\/v2\/posts\/385634\/revisions"}],"wp:featuredmedia":[{"embeddable":true,"href":"http:\/\/desarrollo.grupomedios.com\/futbol\/wp-json\/wp\/v2\/media\/385648"}],"wp:attachment":[{"href":"http:\/\/desarrollo.grupomedios.com\/futbol\/wp-json\/wp\/v2\/media?parent=385634"}],"wp:term":[{"taxonomy":"category","embeddable":true,"href":"http:\/\/desarrollo.grupomedios.com\/futbol\/wp-json\/wp\/v2\/categories?post=385634"},{"taxonomy":"post_tag","embeddable":true,"href":"http:\/\/desarrollo.grupomedios.com\/futbol\/wp-json\/wp\/v2\/tags?post=385634"}],"curies":[{"name":"wp","href":"https:\/\/api.w.org\/{rel}","templated":true}]}}