{"id":385766,"date":"2016-04-05T14:44:28","date_gmt":"2016-04-05T20:44:28","guid":{"rendered":"http:\/\/www.futboltotal.com.mx\/?p=385766"},"modified":"2016-04-05T14:46:53","modified_gmt":"2016-04-05T20:46:53","slug":"santos-en-busca-de-delantero-para-apertura-2016","status":"publish","type":"post","link":"http:\/\/desarrollo.grupomedios.com\/futbol\/futbol-mexicano\/santos-en-busca-de-delantero-para-apertura-2016\/2016\/04","title":{"rendered":"Santos, fichar\u00eda a ecuatoriano para Apertura 2016"},"content":{"rendered":"<p>El <strong><a href=\"http:\/\/futboltotal.com.mx\/equipos\/santos\/\" target=\"_blank\">Santos Laguna<\/a><\/strong> ya estar\u00eda en busca de renovar su plantilla de cara a la siguiente campa\u00f1a, y a pesar de situarse en los primeros puestos del Clausura 2016, y con un Mart\u00edn Bravo en buen nivel, los de la <em>Comarca<\/em> querr\u00edan a un delantero.<\/p>\n<p><a href=\"http:\/\/www.futboltotal.com.mx\/wp-content\/uploads\/2016\/04\/luis-zubeldia-santos.png\" rel=\"attachment wp-att-385774\"><img decoding=\"async\" loading=\"lazy\" class=\"alignnone size-full wp-image-385774\" src=\"http:\/\/www.futboltotal.com.mx\/wp-content\/uploads\/2016\/04\/luis-zubeldia-santos.png\" alt=\"luis-zubeldia-santos\" srcset=\"http:\/\/desarrollo.grupomedios.com\/futbol\/wp-content\/uploads\/2016\/04\/luis-zubeldia-santos.png 820w, http:\/\/desarrollo.grupomedios.com\/futbol\/wp-content\/uploads\/2016\/04\/luis-zubeldia-santos-300x110.png 300w, http:\/\/desarrollo.grupomedios.com\/futbol\/wp-content\/uploads\/2016\/04\/luis-zubeldia-santos-768x281.png 768w\" sizes=\"(max-width: 820px) 100vw, 820px\" \/><\/a><\/p>\n<p>Seg\u00fan el programa deportivo Estadio TV, de Ecuador, <strong>Santos<\/strong> tiene en la mira a <strong>\u00c1ngel Mena<\/strong>, futbolista del Emelec de cualidades ofensivas interesantes, pues puede jugar tanto de delantero, como de volante izquierdo.<\/p>\n<p>El programa de televisi\u00f3n ecuatoriano, argumenta que es el mismo Luis Zubeld\u00eda el que solicita el fichaje, situaci\u00f3n por la que el <strong>Santos<\/strong> ya habr\u00eda dado la primera oferta al Emelec, que es el \u00faltimo rival de Pumas en la fase de grupos de la Copa Libertadores.<\/p>\n<p style=\"text-align: center;\"><span style=\"color: #3366ff;\"><strong><a style=\"color: #3366ff;\" href=\"http:\/\/www.futboltotal.com.mx\/2016\/04\/futbol-estufa-rumbo-al-apertura-2016\/\" target=\"_blank\">LEER M\u00c1S: Futbol de Estufa Clausura 2016<\/a><\/strong><\/span><\/p>\n<p><strong>\u00c1ngel Mena<\/strong> est\u00e1 valuado en 4 millones de d\u00f3lares y ha declarado en diversas ocasiones, que quiere jugar en el extranjero; eso facilitar\u00eda su llegada al <strong>Santos<\/strong>, quien al parecer librar\u00eda una plaza de extranjero, si Carlos Izquierdoz obtiene la nacionalidad mexicana.<\/p>\n","protected":false},"excerpt":{"rendered":"<p>En Sudam\u00e9rica, aseguran que \u00c1ngel Mena est\u00e1 en la mira de Zubeld\u00eda<\/p>\n","protected":false},"author":20,"featured_media":385781,"comment_status":"closed","ping_status":"closed","sticky":false,"template":"","format":"standard","meta":[],"categories":[2198,3845,5950],"tags":[4847,64,5972],"_links":{"self":[{"href":"http:\/\/desarrollo.grupomedios.com\/futbol\/wp-json\/wp\/v2\/posts\/385766"}],"collection":[{"href":"http:\/\/desarrollo.grupomedios.com\/futbol\/wp-json\/wp\/v2\/posts"}],"about":[{"href":"http:\/\/desarrollo.grupomedios.com\/futbol\/wp-json\/wp\/v2\/types\/post"}],"author":[{"embeddable":true,"href":"http:\/\/desarrollo.grupomedios.com\/futbol\/wp-json\/wp\/v2\/users\/20"}],"replies":[{"embeddable":true,"href":"http:\/\/desarrollo.grupomedios.com\/futbol\/wp-json\/wp\/v2\/comments?post=385766"}],"version-history":[{"count":0,"href":"http:\/\/desarrollo.grupomedios.com\/futbol\/wp-json\/wp\/v2\/posts\/385766\/revisions"}],"wp:featuredmedia":[{"embeddable":true,"href":"http:\/\/desarrollo.grupomedios.com\/futbol\/wp-json\/wp\/v2\/media\/385781"}],"wp:attachment":[{"href":"http:\/\/desarrollo.grupomedios.com\/futbol\/wp-json\/wp\/v2\/media?parent=385766"}],"wp:term":[{"taxonomy":"category","embeddable":true,"href":"http:\/\/desarrollo.grupomedios.com\/futbol\/wp-json\/wp\/v2\/categories?post=385766"},{"taxonomy":"post_tag","embeddable":true,"href":"http:\/\/desarrollo.grupomedios.com\/futbol\/wp-json\/wp\/v2\/tags?post=385766"}],"curies":[{"name":"wp","href":"https:\/\/api.w.org\/{rel}","templated":true}]}}