{"id":385842,"date":"2016-04-06T08:01:42","date_gmt":"2016-04-06T14:01:42","guid":{"rendered":"http:\/\/www.futboltotal.com.mx\/?p=385842"},"modified":"2016-04-06T08:25:34","modified_gmt":"2016-04-06T14:25:34","slug":"las-10-peleas-de-jose-ramon-fernandez-al-aire-2","status":"publish","type":"post","link":"http:\/\/desarrollo.grupomedios.com\/futbol\/videos\/las-10-peleas-de-jose-ramon-fernandez-al-aire-2\/2016\/04","title":{"rendered":"Las 10 peleas de Jos\u00e9 Ram\u00f3n Fern\u00e1ndez al aire"},"content":{"rendered":"<p>El gran potencial de un programa de debate, sobre todo deportivo, es observar cuando los personajes llegan a los l\u00edmites de la cordura y se calienta la discusi\u00f3n. Ante su personalidad pol\u00e9mica y la acidez de sus comentarios, han habido varios que se han enfrentado al veterano comentarista de ESPN, <strong>Jos\u00e9 Ram\u00f3n Fern\u00e1ndez<\/strong>.<\/p>\n<p>Y aprovechando que este 6 de abril es cumplea\u00f1os del pol\u00e9mico comentarista deportivo, te presentamos una lista de los 10 mejores <em>sparrings<\/em> verbales que ha tenido <strong>Jos\u00e9 Ram\u00f3n Fern\u00e1ndez<\/strong>:<\/p>\n<p style=\"text-align: center;\"><span style=\"color: #3366ff;\"><strong><a style=\"color: #3366ff;\" href=\"http:\/\/www.futboltotal.com.mx\/2016\/03\/vanessa-huppenkothen-alberto-lati-televisa\/\" target=\"_blank\">LEER M\u00c1S: Vanessa Huppenkothen dejar\u00eda Televisa<\/a><\/strong><\/span><\/p>\n<p><strong>10. Joserra vs. Rafael Puente (2013)<\/strong><\/p>\n<p>Al hablar del tema Selecci\u00f3n Nacional en 2013, mientras M\u00e9xico quedaba fuera tanto de la Copa Confederaciones como de la Copa Oro, el exportero termin\u00f3 por defender la gesti\u00f3n de Jos\u00e9 Manuel de la Torre. La discusi\u00f3n se alarg\u00f3 hasta que se mand\u00f3 a corte comercial. Al regresar, Rafa Puente termin\u00f3 dici\u00e9ndole &#8220;mala leche&#8221; a Joserra por echar en cara que hab\u00edan estado enfrascados en discusi\u00f3n tiempo antes.<\/p>\n<p><iframe loading=\"lazy\" src=\"https:\/\/www.youtube.com\/embed\/jD4Qy07kpQY\" frameborder=\"0\" allowfullscreen=\"allowfullscreen\"><\/iframe><\/p>\n<p><strong>9. Joserra vs. Jes\u00fas Mart\u00ednez<\/strong><\/p>\n<p>En diversas ocasiones, el propietario de Grupo Pachuca y el conductor se han enfrentado. La m\u00e1s reciente, hace tres meses, fue bochornoso porque Jose Ram\u00f3n, pensando que ya le hab\u00edan cortado el micr\u00f3fono, dijo &#8220;que c\u00ednico eres, cabr\u00f3n&#8221; en referencia a la entrevista que culminaba momentos antes con el directivo de futbol. Hace algunos a\u00f1os, mientras se hablaba del tema del director t\u00e9cnico nacional ante la gesti\u00f3n de Sven-Goran Eriksson, Mart\u00ednez llam\u00f3 mentiroso a Jos\u00e9 Ram\u00f3n por decir que quer\u00eda imponer a Javier Aguirre. Poco tiempo despu\u00e9s, Aguirre fue DT de la Selecci\u00f3n Mexicana.<\/p>\n<p><iframe loading=\"lazy\" src=\"https:\/\/www.youtube.com\/embed\/bx5563xHs0k\" frameborder=\"0\" allowfullscreen=\"allowfullscreen\"><\/iframe><\/p>\n<p><iframe loading=\"lazy\" src=\"https:\/\/www.youtube.com\/embed\/pqpj_XF6ZpU\" frameborder=\"0\" allowfullscreen=\"allowfullscreen\"><\/iframe><\/p>\n<p><strong>8. Joserra vs. H\u00e9ctor Huerta<\/strong><\/p>\n<p>Al hablar sobre una edici\u00f3n m\u00e1s del Cl\u00e1sico espa\u00f1ol entre Real Madrid y Barcelona, la discusi\u00f3n sobre una pol\u00e9mica del partido se intensific\u00f3 cuando Huerta opin\u00f3 que Jose Ram\u00f3n estaba cortando las alas a sus panelistas al no dejarlos hablar. En pocos segundos, el periodista tapat\u00edo se enoj\u00f3 tanto que manote\u00f3 la mesa y no permiti\u00f3 que Joserra lo quisiera calmar.<\/p>\n<p><iframe loading=\"lazy\" src=\"https:\/\/www.youtube.com\/embed\/y7I_mJkxb5I\" frameborder=\"0\" allowfullscreen=\"allowfullscreen\"><\/iframe><\/p>\n<p><strong>7. Joserra vs. David Faitelson<\/strong><\/p>\n<p>El maestro y el alumno se han enfrentado varias veces, pero nuevamente, hablando de un Real Madrid vs. Barcelona, un tema que evidentemente es importante para Joserra gracias a su afici\u00f3n por los merengues, termin\u00f3 por callar a Faitelson cuando este segu\u00eda sobre la l\u00ednea de que en ese entonces, el Real Madrid de Mourinho, no merec\u00eda la &#8220;elegante&#8221; historia del club. El tiro de gracia: Tras callarlo, y antes de comenzar un nuevo tema, Joserra dijo &#8220;el jefe y el amo aqu\u00ed soy yo, y nadie m\u00e1s.&#8221;<\/p>\n<p><iframe loading=\"lazy\" src=\"https:\/\/www.youtube.com\/embed\/Dk-bBKeCyoI\" frameborder=\"0\" allowfullscreen=\"allowfullscreen\"><\/iframe><\/p>\n<p><strong>6. Joserra vs. Chel\u00eds<\/strong><\/p>\n<p>Tras hablar de un tema &#8220;prohibido&#8221; en Futbol Picante, Chel\u00eds desat\u00f3 la ira de Joserra. El d\u00eda despu\u00e9s vendr\u00eda el quiebre. &#8220;Me falt\u00f3 usted al respeto, y de poblano a poblano se lo digo&#8230; usted tiene m\u00e1s tablas que yo, much\u00edsimas gracias.&#8221; Con eso, Chel\u00eds abandon\u00f3 el set de Futbol Picante en Brasil y se despidi\u00f3 (temporalmente) del programa para posteriormente regresar a ESPN a finales del 2014.<\/p>\n<p><iframe loading=\"lazy\" src=\"https:\/\/www.youtube.com\/embed\/L__8XZd4Jwg\" frameborder=\"0\" allowfullscreen=\"allowfullscreen\"><\/iframe><\/p>\n<p><strong>5. Joserra vs. Miguel Herrera<\/strong><\/p>\n<p>Diciendo de Miguel Herrera que era un &#8220;t\u00edtere&#8221; de Televisa cuando era seleccionador nacional, y cuando este contest\u00f3 que el que ten\u00eda &#8220;t\u00edteres&#8221; era el periodista, Jose Ram\u00f3n Fern\u00e1ndez pidi\u00f3 en plena emisi\u00f3n que se enfrentaran los dos personajes de futbol &#8220;cara a cara&#8221;. Para la sorpresa de todos, minutos despu\u00e9s, Miguel Herrera marc\u00f3 al programa para platicar directamente con el comunicador.<\/p>\n<p><iframe loading=\"lazy\" src=\"https:\/\/www.youtube.com\/embed\/BccndtX4Tuo\" frameborder=\"0\" allowfullscreen=\"allowfullscreen\"><\/iframe><\/p>\n<p><strong>4. Joserra vs. Zague<\/strong><\/p>\n<p>En discusi\u00f3n del Cl\u00e1sico entre Am\u00e9rica y Chivas, Jose Ram\u00f3n Fern\u00e1ndez &#8220;pic\u00f3&#8221; a Zague record\u00e1ndole un gol que fall\u00f3 en un Mundial, y el exdelantero americanista le recrimin\u00f3 el comentario personal casi de inmediato. &#8220;Tu no tienes porque recordarme lo de Noruega,&#8221; dijo Zague. El mundialista tambi\u00e9n se enganch\u00f3 con Ricardo La Volpe, quien de invitado, se enganch\u00f3 con el ariete.<\/p>\n<p><iframe loading=\"lazy\" src=\"https:\/\/www.youtube.com\/embed\/xdQ3RHAdBF4\" frameborder=\"0\" allowfullscreen=\"allowfullscreen\"><\/iframe><\/p>\n<p><strong>3. Joserra vs. Rafael Puente (2008)<\/strong><\/p>\n<p>En 2008, cuando Am\u00e9rica viv\u00eda sumido en crisis, una discusi\u00f3n entre David Faitelson y el panel de Futbol Picante se transform\u00f3 en una pelea entre el exarquero de las \u00c1guilas y el veterano comentarista. &#8220;Perd\u00f3name, pero no tienes idea para ver el futbol,&#8221; explot\u00f3 Rafa Puente, quien consideraba que Jose Ram\u00f3n exageraba la crisis y la calidad individual del plantel del Am\u00e9rica.<\/p>\n<p><iframe loading=\"lazy\" src=\"https:\/\/www.youtube.com\/embed\/IK52M3N30rA\" frameborder=\"0\" allowfullscreen=\"allowfullscreen\"><\/iframe><\/p>\n<p><strong>2. Joserra vs. Roberto G\u00f3mez Junco<\/strong><\/p>\n<p>El exjugador le sac\u00f3 el tap\u00f3n a Jos\u00e9 Ram\u00f3n Fern\u00e1ndez en un segmento de <em>Los Capitanes<\/em>, y cuando fue interrumpido por Joserra para mandar a una entrevista en vivo, G\u00f3mez Junco dijo &#8220;si quieres haz tu programa t\u00fa solo&#8221;, ya que no lo dejaba hablar. Tras un momento tenso, Jose Ram\u00f3n mand\u00f3 finalmente a la entrevista, pero antes de salir de pantalla, mostr\u00f3 su coraje al manotear al aire por lo sucedido.<\/p>\n<p><iframe loading=\"lazy\" src=\"https:\/\/www.youtube.com\/embed\/nT310IDkirU\" frameborder=\"0\" allowfullscreen=\"allowfullscreen\"><\/iframe><\/p>\n<p><strong>1. Joserra vs. Andr\u00e9 Mar\u00edn<\/strong><\/p>\n<p>Sin enfrentarse en pantalla directamente, (aunque, a\u00f1os despu\u00e9s, hicieran un comercial para una compa\u00f1\u00eda de servicio celular) Jose Ram\u00f3n Fern\u00e1ndez habl\u00f3 de su salida de TV Azteca, culpando al ahora titular de programa en FOX Sports de orquestar su adi\u00f3s de la televisora. &#8220;No tiene madre, en el mal sentido de la palabra,&#8221; dijo Jos\u00e9 Ram\u00f3n. &#8220;Fue uno de los hombres que busc\u00f3 la posibilidad de que yo saliera, aprovechando una enfermedad,&#8221; coment\u00f3. A la fecha, la rivalidad sigue entre los dos personalidades a nivel profesional.<\/p>\n<p><iframe loading=\"lazy\" src=\"https:\/\/www.youtube.com\/embed\/fCUv__4bOKY\" frameborder=\"0\" allowfullscreen=\"allowfullscreen\"><\/iframe><\/p>\n","protected":false},"excerpt":{"rendered":"<p>El comentarista deportivo cumple 70 a\u00f1os<\/p>\n","protected":false},"author":20,"featured_media":385843,"comment_status":"closed","ping_status":"closed","sticky":false,"template":"","format":"standard","meta":[],"categories":[5419,5418,4],"tags":[5460,6974,6183],"_links":{"self":[{"href":"http:\/\/desarrollo.grupomedios.com\/futbol\/wp-json\/wp\/v2\/posts\/385842"}],"collection":[{"href":"http:\/\/desarrollo.grupomedios.com\/futbol\/wp-json\/wp\/v2\/posts"}],"about":[{"href":"http:\/\/desarrollo.grupomedios.com\/futbol\/wp-json\/wp\/v2\/types\/post"}],"author":[{"embeddable":true,"href":"http:\/\/desarrollo.grupomedios.com\/futbol\/wp-json\/wp\/v2\/users\/20"}],"replies":[{"embeddable":true,"href":"http:\/\/desarrollo.grupomedios.com\/futbol\/wp-json\/wp\/v2\/comments?post=385842"}],"version-history":[{"count":0,"href":"http:\/\/desarrollo.grupomedios.com\/futbol\/wp-json\/wp\/v2\/posts\/385842\/revisions"}],"wp:featuredmedia":[{"embeddable":true,"href":"http:\/\/desarrollo.grupomedios.com\/futbol\/wp-json\/wp\/v2\/media\/385843"}],"wp:attachment":[{"href":"http:\/\/desarrollo.grupomedios.com\/futbol\/wp-json\/wp\/v2\/media?parent=385842"}],"wp:term":[{"taxonomy":"category","embeddable":true,"href":"http:\/\/desarrollo.grupomedios.com\/futbol\/wp-json\/wp\/v2\/categories?post=385842"},{"taxonomy":"post_tag","embeddable":true,"href":"http:\/\/desarrollo.grupomedios.com\/futbol\/wp-json\/wp\/v2\/tags?post=385842"}],"curies":[{"name":"wp","href":"https:\/\/api.w.org\/{rel}","templated":true}]}}