{"id":385889,"date":"2016-04-05T17:37:12","date_gmt":"2016-04-05T23:37:12","guid":{"rendered":"http:\/\/www.futboltotal.com.mx\/?p=385889"},"modified":"2016-04-05T17:37:12","modified_gmt":"2016-04-05T23:37:12","slug":"salvador-cabanas-suena-regresar-al-futbol","status":"publish","type":"post","link":"http:\/\/desarrollo.grupomedios.com\/futbol\/futbol-mexicano\/salvador-cabanas-suena-regresar-al-futbol\/2016\/04","title":{"rendered":"Salvador Caba\u00f1as sue\u00f1a con regresar al futbol"},"content":{"rendered":"<p>Despu\u00e9s que un accidente truncara su carrera en uno de sus mejores momentos, el paraguayo <strong>Salvador Caba\u00f1as<\/strong> a\u00fan no quita el dedo del rengl\u00f3n y sue\u00f1a con volver a las canchas, pero su condici\u00f3n actual complica que esto se haga realidad.<\/p>\n<p>\u201cTodav\u00eda quiere jugar al futbol profesional, pero est\u00e1 impedido. Salvador tiene un problema en su ojo izquierdo, y le molesta, me duele mucho, porque no puede jugar&#8221;, confes\u00f3 el padre del ex futbolista, Dionisio Caba\u00f1as en entrevista con <em>ESPN<\/em> Brasil.<\/p>\n<p style=\"text-align: center;\"><span style=\"color: #3366ff;\"><strong><a style=\"color: #3366ff;\" href=\"http:\/\/www.futboltotal.com.mx\/futbol-mexicano\/\" target=\"_blank\">LEER M\u00c1S: Checa toda la actualidad el futbol mexicano<\/a><\/strong><\/span><\/p>\n<p>En \u00e9se sentido, el se\u00f1or lament\u00f3 que la condici\u00f3n de su hijo provocara que personas que se dec\u00edan sus amigos se alejar\u00e1n y se olvidar\u00e1n del ex ariete que ahora se dedica a vender pan para subsistir.<\/p>\n<p><iframe loading=\"lazy\" src=\"https:\/\/www.youtube.com\/embed\/-XNaoOgcmjY\" frameborder=\"0\" allowfullscreen=\"allowfullscreen\"><\/iframe><\/p>\n<p>&#8220;No es que sus compa\u00f1eros vengan a verlo. Eso incomoda a la familia. Antes \u00e9l era amigo de todos, pero ahora que Salvador est\u00e1 as\u00ed, nadie se aparece ni para decirle &#8216;hola'&#8221;, concluy\u00f3.<\/p>\n<p><span style=\"color: #ff0000;\"><strong>VIDEO<\/strong>: Agenda TV | Jornada 13 Clausura 2016<\/span>:<\/p>\n<p>[video_player]https:\/\/player.vimeo.com\/external\/161530649.hd.mp4?s=5eeb73e478691acf3b3b66a94a9bc7fc10383201&amp;profile_id=174[\/video_player]<\/p>\n","protected":false},"excerpt":{"rendered":"<p>\u201cTodav\u00eda quiere jugar\u201d, confes\u00f3 su pap\u00e1 <\/p>\n","protected":false},"author":20,"featured_media":385891,"comment_status":"closed","ping_status":"closed","sticky":false,"template":"","format":"standard","meta":[],"categories":[2198,3845,5950],"tags":[64,951],"_links":{"self":[{"href":"http:\/\/desarrollo.grupomedios.com\/futbol\/wp-json\/wp\/v2\/posts\/385889"}],"collection":[{"href":"http:\/\/desarrollo.grupomedios.com\/futbol\/wp-json\/wp\/v2\/posts"}],"about":[{"href":"http:\/\/desarrollo.grupomedios.com\/futbol\/wp-json\/wp\/v2\/types\/post"}],"author":[{"embeddable":true,"href":"http:\/\/desarrollo.grupomedios.com\/futbol\/wp-json\/wp\/v2\/users\/20"}],"replies":[{"embeddable":true,"href":"http:\/\/desarrollo.grupomedios.com\/futbol\/wp-json\/wp\/v2\/comments?post=385889"}],"version-history":[{"count":0,"href":"http:\/\/desarrollo.grupomedios.com\/futbol\/wp-json\/wp\/v2\/posts\/385889\/revisions"}],"wp:featuredmedia":[{"embeddable":true,"href":"http:\/\/desarrollo.grupomedios.com\/futbol\/wp-json\/wp\/v2\/media\/385891"}],"wp:attachment":[{"href":"http:\/\/desarrollo.grupomedios.com\/futbol\/wp-json\/wp\/v2\/media?parent=385889"}],"wp:term":[{"taxonomy":"category","embeddable":true,"href":"http:\/\/desarrollo.grupomedios.com\/futbol\/wp-json\/wp\/v2\/categories?post=385889"},{"taxonomy":"post_tag","embeddable":true,"href":"http:\/\/desarrollo.grupomedios.com\/futbol\/wp-json\/wp\/v2\/tags?post=385889"}],"curies":[{"name":"wp","href":"https:\/\/api.w.org\/{rel}","templated":true}]}}